{"id":24083,"date":"2023-11-23T14:50:00","date_gmt":"2023-11-23T19:50:00","guid":{"rendered":"https:\/\/www.pollara.com\/montee-de-la-colere-provoquee-par-les-histoires-dans-les-nouvelles-et-linquietude-au-sujet-des-finances-personnelles\/"},"modified":"2024-07-02T19:35:25","modified_gmt":"2024-07-02T23:35:25","slug":"montee-de-la-colere-provoquee-par-les-histoires-dans-les-nouvelles-et-linquietude-au-sujet-des-finances-personnelles","status":"publish","type":"post","link":"https:\/\/www.pollara.com\/fr-ca\/montee-de-la-colere-provoquee-par-les-histoires-dans-les-nouvelles-et-linquietude-au-sujet-des-finances-personnelles\/","title":{"rendered":"Mont\u00e9e de la col\u00e8re provoqu\u00e9e par les histoires dans les nouvelles et l\u2019inqui\u00e9tude au sujet des finances personnelles"},"content":{"rendered":"\n<p>Le 24 novembre 2023 \u2014 L\u2019\u00e9dition de novembre de l\u2019indice de rage de Pollara Strategic Insights montre que les Canadiens sont plus en col\u00e8re qu\u2019\u00e0 tout autre moment depuis que Pollara a commenc\u00e9 \u00e0 suivre l\u2019indice de rage il y a 15 mois. Bien que la col\u00e8re \u00e0 l\u2019\u00e9gard des gouvernements soit l\u00e9g\u00e8rement en baisse, cette vague a mis en vedette un niveau record de 70 % des Canadiens qui sont en col\u00e8re ou ennuy\u00e9s par les derni\u00e8res nouvelles.<\/p>\n\n<p>\u00c0 ce sujet, la majorit\u00e9 des Canadiens ressentent des \u00e9motions n\u00e9gatives au sujet de la guerre en Ukraine (79 %), du conflit en Isra\u00ebl et \u00e0 Gaza (78 %), et le Parlement canadien a accidentellement ovationn\u00e9 un ancien combattant qui a combattu pour l\u2019Allemagne nazie (70 %).<\/p>\n\n<p>L\u2019indice de rage a \u00e9galement atteint un niveau record de 43 % des Canadiens en col\u00e8re ou ennuy\u00e9s par leur propre situation financi\u00e8re personnelle. Cela semble attribuable aux taux d\u2019int\u00e9r\u00eat \u00e9lev\u00e9s, deux fois plus de d\u00e9tenteurs de pr\u00eats hypoth\u00e9caires \u00e9tant ennuy\u00e9s ou en col\u00e8re au sujet de leurs finances personnelles (48 %) que les propri\u00e9taires qui ont rembours\u00e9 leur hypoth\u00e8que (24 %).<\/p>\n\n<p>L\u2019indice de rage trouve \u00e9galement\u00a0:<\/p>\n\n<ul class=\"wp-block-list\">\n<li>60 % des Albertains sont en col\u00e8re ou agac\u00e9s par les consultations de Danielle Smith visant \u00e0 retirer l\u2019Alberta du RPC, comparativement \u00e0 seulement 17 % qui sont heureux ou satisfaits.<\/li>\n\n\n\n<li>Plus de Canadiens de l\u2019Atlantique heureux\/heureux (47 %) que de f\u00e2ch\u00e9s\/agac\u00e9s (22 %) \u00e0 l\u2019\u00e9gard du fait que le gouvernement Trudeau exempte le chauffage au mazout domestique de la taxe sur le carbone. Cependant, le sentiment n\u00e9gatif l\u2019emporte sur le sentiment positif dans toutes les autres r\u00e9gions.<\/li>\n<\/ul>\n\n<p><a href=\"https:\/\/www.pollara.com\/wp-content\/uploads\/2023\/11\/Rage-Index-November-2023.pdf\">Voir tous les d\u00e9tails dans notre rapport et nos<\/a> commentaires dans le <a href=\"https:\/\/www.thestar.com\/news\/canada\/ontario-is-one-of-the-angriest-places-in-canada-new-rage-poll-finds\/article_25ed40c8-82b3-542f-9f29-628e4413e90e.html\">Toronto Star<\/a>.<\/p>\n","protected":false},"excerpt":{"rendered":"<p>Le 24 novembre 2023 \u2014 L\u2019\u00e9dition de novembre de l\u2019indice de rage de Pollara Strategic Insights montre que les Canadiens sont plus en col\u00e8re qu\u2019\u00e0 tout autre moment depuis que Pollara a commenc\u00e9 \u00e0 suivre l\u2019indice de rage il y a 15 mois. Bien que la col\u00e8re \u00e0 l\u2019\u00e9gard des gouvernements soit l\u00e9g\u00e8rement en baisse, &hellip; <\/p>\n<p class=\"link-more\"><a href=\"https:\/\/www.pollara.com\/fr-ca\/montee-de-la-colere-provoquee-par-les-histoires-dans-les-nouvelles-et-linquietude-au-sujet-des-finances-personnelles\/\" class=\"more-link\">Continuer la lecture<span class=\"screen-reader-text\"> de &laquo; Mont\u00e9e de la col\u00e8re provoqu\u00e9e par les histoires dans les nouvelles et l\u2019inqui\u00e9tude au sujet des finances personnelles &raquo;<\/span><\/a><\/p>\n","protected":false},"author":29,"featured_media":23691,"comment_status":"open","ping_status":"open","sticky":false,"template":"","format":"standard","meta":{"_jetpack_memberships_contains_paid_content":false,"footnotes":""},"categories":[213,219],"tags":[],"class_list":["post-24083","post","type-post","status-publish","format-standard","has-post-thumbnail","hentry","category-dernieres-informations","category-toutes-les-publications"],"yoast_head":"<!-- This site is optimized with the Yoast SEO plugin v26.9 - https:\/\/yoast.com\/product\/yoast-seo-wordpress\/ -->\n<title>Mont\u00e9e de la col\u00e8re provoqu\u00e9e par les histoires dans les nouvelles et l\u2019inqui\u00e9tude au sujet des finances personnelles &#187; Pollara Strategic Insights<\/title>\n<meta name=\"robots\" content=\"index, follow, max-snippet:-1, max-image-preview:large, max-video-preview:-1\" \/>\n<link rel=\"canonical\" href=\"https:\/\/www.pollara.com\/fr-ca\/montee-de-la-colere-provoquee-par-les-histoires-dans-les-nouvelles-et-linquietude-au-sujet-des-finances-personnelles\/\" \/>\n<meta property=\"og:locale\" content=\"fr_CA\" \/>\n<meta property=\"og:type\" content=\"article\" \/>\n<meta property=\"og:title\" content=\"Mont\u00e9e de la col\u00e8re provoqu\u00e9e par les histoires dans les nouvelles et l\u2019inqui\u00e9tude au sujet des finances personnelles\" \/>\n<meta property=\"og:description\" content=\"Le 24 novembre 2023 \u2014 L\u2019\u00e9dition de novembre de l\u2019indice de rage de Pollara Strategic Insights montre que les Canadiens sont plus en col\u00e8re qu\u2019\u00e0 tout autre moment depuis que Pollara a commenc\u00e9 \u00e0 suivre l\u2019indice de rage il y a 15 mois. Bien que la col\u00e8re \u00e0 l\u2019\u00e9gard des gouvernements soit l\u00e9g\u00e8rement en baisse, &hellip; Continuer la lecture de &laquo; Mont\u00e9e de la col\u00e8re provoqu\u00e9e par les histoires dans les nouvelles et l\u2019inqui\u00e9tude au sujet des finances personnelles &raquo;\" \/>\n<meta property=\"og:url\" content=\"https:\/\/www.pollara.com\/fr-ca\/montee-de-la-colere-provoquee-par-les-histoires-dans-les-nouvelles-et-linquietude-au-sujet-des-finances-personnelles\/\" \/>\n<meta property=\"og:site_name\" content=\"Pollara Strategic Insights\" \/>\n<meta property=\"article:publisher\" content=\"https:\/\/www.facebook.com\/PollaraStrategicInsights\/\" \/>\n<meta property=\"article:published_time\" content=\"2023-11-23T19:50:00+00:00\" \/>\n<meta property=\"article:modified_time\" content=\"2024-07-02T23:35:25+00:00\" \/>\n<meta property=\"og:image\" content=\"https:\/\/www.pollara.com\/wp-content\/uploads\/2023\/09\/Squarish-PostGraphic_rage.jpg\" \/>\n<meta name=\"author\" content=\"Phil Terrell\" \/>\n<meta name=\"twitter:card\" content=\"summary_large_image\" \/>\n<meta name=\"twitter:title\" content=\"Mont\u00e9e de la col\u00e8re provoqu\u00e9e par les histoires dans les nouvelles et l\u2019inqui\u00e9tude au sujet des finances personnelles\" \/>\n<meta name=\"twitter:image\" content=\"https:\/\/www.pollara.com\/wp-content\/uploads\/2023\/09\/Squarish-PostGraphic_rage.jpg\" \/>\n<meta name=\"twitter:creator\" content=\"@Pollara\" \/>\n<meta name=\"twitter:site\" content=\"@Pollara\" \/>\n<meta name=\"twitter:label1\" content=\"\u00c9crit par\" \/>\n\t<meta name=\"twitter:data1\" content=\"Phil Terrell\" \/>\n\t<meta name=\"twitter:label2\" content=\"Estimation du temps de lecture\" \/>\n\t<meta name=\"twitter:data2\" content=\"1 minute\" \/>\n<script type=\"application\/ld+json\" class=\"yoast-schema-graph\">{\"@context\":\"https:\/\/schema.org\",\"@graph\":[{\"@type\":\"Article\",\"@id\":\"https:\/\/www.pollara.com\/fr-ca\/montee-de-la-colere-provoquee-par-les-histoires-dans-les-nouvelles-et-linquietude-au-sujet-des-finances-personnelles\/#article\",\"isPartOf\":{\"@id\":\"https:\/\/www.pollara.com\/fr-ca\/montee-de-la-colere-provoquee-par-les-histoires-dans-les-nouvelles-et-linquietude-au-sujet-des-finances-personnelles\/\"},\"author\":{\"name\":\"Phil Terrell\",\"@id\":\"https:\/\/www.pollara.com\/fr-ca\/#\/schema\/person\/e40f3b719393f4e918c6198a7142d15c\"},\"headline\":\"Mont\u00e9e de la col\u00e8re provoqu\u00e9e par les histoires dans les nouvelles et l\u2019inqui\u00e9tude au sujet des finances personnelles\",\"datePublished\":\"2023-11-23T19:50:00+00:00\",\"dateModified\":\"2024-07-02T23:35:25+00:00\",\"mainEntityOfPage\":{\"@id\":\"https:\/\/www.pollara.com\/fr-ca\/montee-de-la-colere-provoquee-par-les-histoires-dans-les-nouvelles-et-linquietude-au-sujet-des-finances-personnelles\/\"},\"wordCount\":319,\"commentCount\":0,\"publisher\":{\"@id\":\"https:\/\/www.pollara.com\/fr-ca\/#organization\"},\"image\":{\"@id\":\"https:\/\/www.pollara.com\/fr-ca\/montee-de-la-colere-provoquee-par-les-histoires-dans-les-nouvelles-et-linquietude-au-sujet-des-finances-personnelles\/#primaryimage\"},\"thumbnailUrl\":\"https:\/\/www.pollara.com\/wp-content\/uploads\/2022\/09\/Squarish-rage2.jpg?wsr\",\"articleSection\":[\"Derni\u00e8res informations\",\"Toutes les publications\"],\"inLanguage\":\"fr-CA\",\"potentialAction\":[{\"@type\":\"CommentAction\",\"name\":\"Comment\",\"target\":[\"https:\/\/www.pollara.com\/fr-ca\/montee-de-la-colere-provoquee-par-les-histoires-dans-les-nouvelles-et-linquietude-au-sujet-des-finances-personnelles\/#respond\"]}]},{\"@type\":\"WebPage\",\"@id\":\"https:\/\/www.pollara.com\/fr-ca\/montee-de-la-colere-provoquee-par-les-histoires-dans-les-nouvelles-et-linquietude-au-sujet-des-finances-personnelles\/\",\"url\":\"https:\/\/www.pollara.com\/fr-ca\/montee-de-la-colere-provoquee-par-les-histoires-dans-les-nouvelles-et-linquietude-au-sujet-des-finances-personnelles\/\",\"name\":\"Mont\u00e9e de la col\u00e8re provoqu\u00e9e par les histoires dans les nouvelles et l\u2019inqui\u00e9tude au sujet des finances personnelles &#187; Pollara Strategic Insights\",\"isPartOf\":{\"@id\":\"https:\/\/www.pollara.com\/fr-ca\/#website\"},\"primaryImageOfPage\":{\"@id\":\"https:\/\/www.pollara.com\/fr-ca\/montee-de-la-colere-provoquee-par-les-histoires-dans-les-nouvelles-et-linquietude-au-sujet-des-finances-personnelles\/#primaryimage\"},\"image\":{\"@id\":\"https:\/\/www.pollara.com\/fr-ca\/montee-de-la-colere-provoquee-par-les-histoires-dans-les-nouvelles-et-linquietude-au-sujet-des-finances-personnelles\/#primaryimage\"},\"thumbnailUrl\":\"https:\/\/www.pollara.com\/wp-content\/uploads\/2022\/09\/Squarish-rage2.jpg?wsr\",\"datePublished\":\"2023-11-23T19:50:00+00:00\",\"dateModified\":\"2024-07-02T23:35:25+00:00\",\"inLanguage\":\"fr-CA\",\"potentialAction\":[{\"@type\":\"ReadAction\",\"target\":[\"https:\/\/www.pollara.com\/fr-ca\/montee-de-la-colere-provoquee-par-les-histoires-dans-les-nouvelles-et-linquietude-au-sujet-des-finances-personnelles\/\"]}]},{\"@type\":\"ImageObject\",\"inLanguage\":\"fr-CA\",\"@id\":\"https:\/\/www.pollara.com\/fr-ca\/montee-de-la-colere-provoquee-par-les-histoires-dans-les-nouvelles-et-linquietude-au-sujet-des-finances-personnelles\/#primaryimage\",\"url\":\"https:\/\/www.pollara.com\/wp-content\/uploads\/2022\/09\/Squarish-rage2.jpg?wsr\",\"contentUrl\":\"https:\/\/www.pollara.com\/wp-content\/uploads\/2022\/09\/Squarish-rage2.jpg?wsr\",\"width\":723,\"height\":484},{\"@type\":\"WebSite\",\"@id\":\"https:\/\/www.pollara.com\/fr-ca\/#website\",\"url\":\"https:\/\/www.pollara.com\/fr-ca\/\",\"name\":\"Pollara Strategic Insights\",\"description\":\"Canada\u2019s most senior, experienced research project leaders\",\"publisher\":{\"@id\":\"https:\/\/www.pollara.com\/fr-ca\/#organization\"},\"potentialAction\":[{\"@type\":\"SearchAction\",\"target\":{\"@type\":\"EntryPoint\",\"urlTemplate\":\"https:\/\/www.pollara.com\/fr-ca\/?s={search_term_string}\"},\"query-input\":{\"@type\":\"PropertyValueSpecification\",\"valueRequired\":true,\"valueName\":\"search_term_string\"}}],\"inLanguage\":\"fr-CA\"},{\"@type\":\"Organization\",\"@id\":\"https:\/\/www.pollara.com\/fr-ca\/#organization\",\"name\":\"Pollara Strategic Insights\",\"url\":\"https:\/\/www.pollara.com\/fr-ca\/\",\"logo\":{\"@type\":\"ImageObject\",\"inLanguage\":\"fr-CA\",\"@id\":\"https:\/\/www.pollara.com\/fr-ca\/#\/schema\/logo\/image\/\",\"url\":\"https:\/\/www.pollara.com\/wp-content\/uploads\/2017\/12\/pollara-1.svg\",\"contentUrl\":\"https:\/\/www.pollara.com\/wp-content\/uploads\/2017\/12\/pollara-1.svg\",\"width\":1,\"height\":1,\"caption\":\"Pollara Strategic Insights\"},\"image\":{\"@id\":\"https:\/\/www.pollara.com\/fr-ca\/#\/schema\/logo\/image\/\"},\"sameAs\":[\"https:\/\/www.facebook.com\/PollaraStrategicInsights\/\",\"https:\/\/x.com\/Pollara\",\"https:\/\/www.instagram.com\/pollarastrategicinsights\/\",\"https:\/\/www.linkedin.com\/company\/pollarastrategicinsights\/\"]},{\"@type\":\"Person\",\"@id\":\"https:\/\/www.pollara.com\/fr-ca\/#\/schema\/person\/e40f3b719393f4e918c6198a7142d15c\",\"name\":\"Phil Terrell\",\"image\":{\"@type\":\"ImageObject\",\"inLanguage\":\"fr-CA\",\"@id\":\"https:\/\/www.pollara.com\/fr-ca\/#\/schema\/person\/image\/\",\"url\":\"https:\/\/secure.gravatar.com\/avatar\/c37c0f93fbdb6008817940657cf2b7c63ef833e9f1181fe9d81ccc6a75e2015f?s=96&d=mm&r=g\",\"contentUrl\":\"https:\/\/secure.gravatar.com\/avatar\/c37c0f93fbdb6008817940657cf2b7c63ef833e9f1181fe9d81ccc6a75e2015f?s=96&d=mm&r=g\",\"caption\":\"Phil Terrell\"}}]}<\/script>\n<!-- \/ Yoast SEO plugin. -->","yoast_head_json":{"title":"Mont\u00e9e de la col\u00e8re provoqu\u00e9e par les histoires dans les nouvelles et l\u2019inqui\u00e9tude au sujet des finances personnelles &#187; Pollara Strategic Insights","robots":{"index":"index","follow":"follow","max-snippet":"max-snippet:-1","max-image-preview":"max-image-preview:large","max-video-preview":"max-video-preview:-1"},"canonical":"https:\/\/www.pollara.com\/fr-ca\/montee-de-la-colere-provoquee-par-les-histoires-dans-les-nouvelles-et-linquietude-au-sujet-des-finances-personnelles\/","og_locale":"fr_CA","og_type":"article","og_title":"Mont\u00e9e de la col\u00e8re provoqu\u00e9e par les histoires dans les nouvelles et l\u2019inqui\u00e9tude au sujet des finances personnelles","og_description":"Le 24 novembre 2023 \u2014 L\u2019\u00e9dition de novembre de l\u2019indice de rage de Pollara Strategic Insights montre que les Canadiens sont plus en col\u00e8re qu\u2019\u00e0 tout autre moment depuis que Pollara a commenc\u00e9 \u00e0 suivre l\u2019indice de rage il y a 15 mois. Bien que la col\u00e8re \u00e0 l\u2019\u00e9gard des gouvernements soit l\u00e9g\u00e8rement en baisse, &hellip; Continuer la lecture de &laquo; Mont\u00e9e de la col\u00e8re provoqu\u00e9e par les histoires dans les nouvelles et l\u2019inqui\u00e9tude au sujet des finances personnelles &raquo;","og_url":"https:\/\/www.pollara.com\/fr-ca\/montee-de-la-colere-provoquee-par-les-histoires-dans-les-nouvelles-et-linquietude-au-sujet-des-finances-personnelles\/","og_site_name":"Pollara Strategic Insights","article_publisher":"https:\/\/www.facebook.com\/PollaraStrategicInsights\/","article_published_time":"2023-11-23T19:50:00+00:00","article_modified_time":"2024-07-02T23:35:25+00:00","og_image":[{"url":"https:\/\/www.pollara.com\/wp-content\/uploads\/2023\/09\/Squarish-PostGraphic_rage.jpg","type":"","width":"","height":""}],"author":"Phil Terrell","twitter_card":"summary_large_image","twitter_title":"Mont\u00e9e de la col\u00e8re provoqu\u00e9e par les histoires dans les nouvelles et l\u2019inqui\u00e9tude au sujet des finances personnelles","twitter_image":"https:\/\/www.pollara.com\/wp-content\/uploads\/2023\/09\/Squarish-PostGraphic_rage.jpg","twitter_creator":"@Pollara","twitter_site":"@Pollara","twitter_misc":{"\u00c9crit par":"Phil Terrell","Estimation du temps de lecture":"1 minute"},"schema":{"@context":"https:\/\/schema.org","@graph":[{"@type":"Article","@id":"https:\/\/www.pollara.com\/fr-ca\/montee-de-la-colere-provoquee-par-les-histoires-dans-les-nouvelles-et-linquietude-au-sujet-des-finances-personnelles\/#article","isPartOf":{"@id":"https:\/\/www.pollara.com\/fr-ca\/montee-de-la-colere-provoquee-par-les-histoires-dans-les-nouvelles-et-linquietude-au-sujet-des-finances-personnelles\/"},"author":{"name":"Phil Terrell","@id":"https:\/\/www.pollara.com\/fr-ca\/#\/schema\/person\/e40f3b719393f4e918c6198a7142d15c"},"headline":"Mont\u00e9e de la col\u00e8re provoqu\u00e9e par les histoires dans les nouvelles et l\u2019inqui\u00e9tude au sujet des finances personnelles","datePublished":"2023-11-23T19:50:00+00:00","dateModified":"2024-07-02T23:35:25+00:00","mainEntityOfPage":{"@id":"https:\/\/www.pollara.com\/fr-ca\/montee-de-la-colere-provoquee-par-les-histoires-dans-les-nouvelles-et-linquietude-au-sujet-des-finances-personnelles\/"},"wordCount":319,"commentCount":0,"publisher":{"@id":"https:\/\/www.pollara.com\/fr-ca\/#organization"},"image":{"@id":"https:\/\/www.pollara.com\/fr-ca\/montee-de-la-colere-provoquee-par-les-histoires-dans-les-nouvelles-et-linquietude-au-sujet-des-finances-personnelles\/#primaryimage"},"thumbnailUrl":"https:\/\/www.pollara.com\/wp-content\/uploads\/2022\/09\/Squarish-rage2.jpg?wsr","articleSection":["Derni\u00e8res informations","Toutes les publications"],"inLanguage":"fr-CA","potentialAction":[{"@type":"CommentAction","name":"Comment","target":["https:\/\/www.pollara.com\/fr-ca\/montee-de-la-colere-provoquee-par-les-histoires-dans-les-nouvelles-et-linquietude-au-sujet-des-finances-personnelles\/#respond"]}]},{"@type":"WebPage","@id":"https:\/\/www.pollara.com\/fr-ca\/montee-de-la-colere-provoquee-par-les-histoires-dans-les-nouvelles-et-linquietude-au-sujet-des-finances-personnelles\/","url":"https:\/\/www.pollara.com\/fr-ca\/montee-de-la-colere-provoquee-par-les-histoires-dans-les-nouvelles-et-linquietude-au-sujet-des-finances-personnelles\/","name":"Mont\u00e9e de la col\u00e8re provoqu\u00e9e par les histoires dans les nouvelles et l\u2019inqui\u00e9tude au sujet des finances personnelles &#187; Pollara Strategic Insights","isPartOf":{"@id":"https:\/\/www.pollara.com\/fr-ca\/#website"},"primaryImageOfPage":{"@id":"https:\/\/www.pollara.com\/fr-ca\/montee-de-la-colere-provoquee-par-les-histoires-dans-les-nouvelles-et-linquietude-au-sujet-des-finances-personnelles\/#primaryimage"},"image":{"@id":"https:\/\/www.pollara.com\/fr-ca\/montee-de-la-colere-provoquee-par-les-histoires-dans-les-nouvelles-et-linquietude-au-sujet-des-finances-personnelles\/#primaryimage"},"thumbnailUrl":"https:\/\/www.pollara.com\/wp-content\/uploads\/2022\/09\/Squarish-rage2.jpg?wsr","datePublished":"2023-11-23T19:50:00+00:00","dateModified":"2024-07-02T23:35:25+00:00","inLanguage":"fr-CA","potentialAction":[{"@type":"ReadAction","target":["https:\/\/www.pollara.com\/fr-ca\/montee-de-la-colere-provoquee-par-les-histoires-dans-les-nouvelles-et-linquietude-au-sujet-des-finances-personnelles\/"]}]},{"@type":"ImageObject","inLanguage":"fr-CA","@id":"https:\/\/www.pollara.com\/fr-ca\/montee-de-la-colere-provoquee-par-les-histoires-dans-les-nouvelles-et-linquietude-au-sujet-des-finances-personnelles\/#primaryimage","url":"https:\/\/www.pollara.com\/wp-content\/uploads\/2022\/09\/Squarish-rage2.jpg?wsr","contentUrl":"https:\/\/www.pollara.com\/wp-content\/uploads\/2022\/09\/Squarish-rage2.jpg?wsr","width":723,"height":484},{"@type":"WebSite","@id":"https:\/\/www.pollara.com\/fr-ca\/#website","url":"https:\/\/www.pollara.com\/fr-ca\/","name":"Pollara Strategic Insights","description":"Canada\u2019s most senior, experienced research project leaders","publisher":{"@id":"https:\/\/www.pollara.com\/fr-ca\/#organization"},"potentialAction":[{"@type":"SearchAction","target":{"@type":"EntryPoint","urlTemplate":"https:\/\/www.pollara.com\/fr-ca\/?s={search_term_string}"},"query-input":{"@type":"PropertyValueSpecification","valueRequired":true,"valueName":"search_term_string"}}],"inLanguage":"fr-CA"},{"@type":"Organization","@id":"https:\/\/www.pollara.com\/fr-ca\/#organization","name":"Pollara Strategic Insights","url":"https:\/\/www.pollara.com\/fr-ca\/","logo":{"@type":"ImageObject","inLanguage":"fr-CA","@id":"https:\/\/www.pollara.com\/fr-ca\/#\/schema\/logo\/image\/","url":"https:\/\/www.pollara.com\/wp-content\/uploads\/2017\/12\/pollara-1.svg","contentUrl":"https:\/\/www.pollara.com\/wp-content\/uploads\/2017\/12\/pollara-1.svg","width":1,"height":1,"caption":"Pollara Strategic Insights"},"image":{"@id":"https:\/\/www.pollara.com\/fr-ca\/#\/schema\/logo\/image\/"},"sameAs":["https:\/\/www.facebook.com\/PollaraStrategicInsights\/","https:\/\/x.com\/Pollara","https:\/\/www.instagram.com\/pollarastrategicinsights\/","https:\/\/www.linkedin.com\/company\/pollarastrategicinsights\/"]},{"@type":"Person","@id":"https:\/\/www.pollara.com\/fr-ca\/#\/schema\/person\/e40f3b719393f4e918c6198a7142d15c","name":"Phil Terrell","image":{"@type":"ImageObject","inLanguage":"fr-CA","@id":"https:\/\/www.pollara.com\/fr-ca\/#\/schema\/person\/image\/","url":"https:\/\/secure.gravatar.com\/avatar\/c37c0f93fbdb6008817940657cf2b7c63ef833e9f1181fe9d81ccc6a75e2015f?s=96&d=mm&r=g","contentUrl":"https:\/\/secure.gravatar.com\/avatar\/c37c0f93fbdb6008817940657cf2b7c63ef833e9f1181fe9d81ccc6a75e2015f?s=96&d=mm&r=g","caption":"Phil Terrell"}}]}},"jetpack_featured_media_url":"https:\/\/www.pollara.com\/wp-content\/uploads\/2022\/09\/Squarish-rage2.jpg?wsr","jetpack_sharing_enabled":true,"_links":{"self":[{"href":"https:\/\/www.pollara.com\/fr-ca\/wp-json\/wp\/v2\/posts\/24083","targetHints":{"allow":["GET"]}}],"collection":[{"href":"https:\/\/www.pollara.com\/fr-ca\/wp-json\/wp\/v2\/posts"}],"about":[{"href":"https:\/\/www.pollara.com\/fr-ca\/wp-json\/wp\/v2\/types\/post"}],"author":[{"embeddable":true,"href":"https:\/\/www.pollara.com\/fr-ca\/wp-json\/wp\/v2\/users\/29"}],"replies":[{"embeddable":true,"href":"https:\/\/www.pollara.com\/fr-ca\/wp-json\/wp\/v2\/comments?post=24083"}],"version-history":[{"count":1,"href":"https:\/\/www.pollara.com\/fr-ca\/wp-json\/wp\/v2\/posts\/24083\/revisions"}],"predecessor-version":[{"id":24084,"href":"https:\/\/www.pollara.com\/fr-ca\/wp-json\/wp\/v2\/posts\/24083\/revisions\/24084"}],"wp:featuredmedia":[{"embeddable":true,"href":"https:\/\/www.pollara.com\/fr-ca\/wp-json\/wp\/v2\/media\/23691"}],"wp:attachment":[{"href":"https:\/\/www.pollara.com\/fr-ca\/wp-json\/wp\/v2\/media?parent=24083"}],"wp:term":[{"taxonomy":"category","embeddable":true,"href":"https:\/\/www.pollara.com\/fr-ca\/wp-json\/wp\/v2\/categories?post=24083"},{"taxonomy":"post_tag","embeddable":true,"href":"https:\/\/www.pollara.com\/fr-ca\/wp-json\/wp\/v2\/tags?post=24083"}],"curies":[{"name":"wp","href":"https:\/\/api.w.org\/{rel}","templated":true}]}}