{"id":24126,"date":"2023-01-23T08:22:09","date_gmt":"2023-01-23T13:22:09","guid":{"rendered":"https:\/\/www.pollara.com\/les-canadiens-sont-classes-parmi-les-plus-grands-premiers-ministres-de-lhistoire-du-canada\/"},"modified":"2024-07-02T19:35:39","modified_gmt":"2024-07-02T23:35:39","slug":"les-canadiens-sont-classes-parmi-les-plus-grands-premiers-ministres-de-lhistoire-du-canada","status":"publish","type":"post","link":"https:\/\/www.pollara.com\/fr-ca\/les-canadiens-sont-classes-parmi-les-plus-grands-premiers-ministres-de-lhistoire-du-canada\/","title":{"rendered":"Les Canadiens sont class\u00e9s parmi les plus grands premiers ministres de l\u2019histoire du Canada"},"content":{"rendered":"\n<p>23 janvier 2023 \u2014 Le sondage de Pollara Strategic Insights aupr\u00e8s des Canadiens ne montre aucun consensus sur <a href=\"https:\/\/www.pollara.com\/wp-content\/uploads\/2023\/01\/Jan30-Pollara_Best-Historical_Canadian_Political_Leaders.pdf\">l\u2019\u00e9tat du plus grand premier ministre du Canada<\/a> , bien que Pierre Trudeau (11 %) et Stephen Harper (10 %) aient recueilli le plus de votes.<\/p>\n\n<p>Trudeau et Harper sont des chiffres polarisants, car Trudeau \u00e9tait le choix de 23% des \u00e9lecteurs lib\u00e9raux, mais peu de conservateurs, et Harper \u00e9tait le choix pour 26% des conservateurs, mais presque personne d\u2019autre.<\/p>\n\n<p>Trudeau et Harper sont suivis sur la liste par John A. Macdonald (6 %), Brian Mulroney (6 %), Jean Chr\u00e9tien (5 %), Lester B. Pearson (5 %) et Justin Trudeau (5 %). Pendant ce temps, des d\u00e9put\u00e9s de longue date comme Wilfrid Laurier (3 %) et Mackenzie King (2 %) qui ont pr\u00e9c\u00e9d\u00e9 la plupart des Canadiens en vie aujourd\u2019hui ont \u00e9t\u00e9 largement n\u00e9glig\u00e9s.<\/p>\n\n<p>\u00c0 l\u2019\u00e9chelle r\u00e9gionale, Pierre Trudeau est en t\u00eate de liste dans la plupart des provinces, avec Harper en t\u00eate en Alberta et en Saskatchewan, et Mulroney choisi par les Qu\u00e9b\u00e9cois.<\/p>\n\n<p>Voir <a href=\"https:\/\/www.pollara.com\/wp-content\/uploads\/2023\/01\/Jan30-Pollara_Best-Historical_Canadian_Political_Leaders.pdf\">tous les d\u00e9tails dans notre rapport<\/a>.<\/p>\n","protected":false},"excerpt":{"rendered":"<p>23 janvier 2023 \u2014 Le sondage de Pollara Strategic Insights aupr\u00e8s des Canadiens ne montre aucun consensus sur l\u2019\u00e9tat du plus grand premier ministre du Canada , bien que Pierre Trudeau (11 %) et Stephen Harper (10 %) aient recueilli le plus de votes. Trudeau et Harper sont des chiffres polarisants, car Trudeau \u00e9tait le &hellip; <\/p>\n<p class=\"link-more\"><a href=\"https:\/\/www.pollara.com\/fr-ca\/les-canadiens-sont-classes-parmi-les-plus-grands-premiers-ministres-de-lhistoire-du-canada\/\" class=\"more-link\">Continuer la lecture<span class=\"screen-reader-text\"> de &laquo; Les Canadiens sont class\u00e9s parmi les plus grands premiers ministres de l\u2019histoire du Canada &raquo;<\/span><\/a><\/p>\n","protected":false},"author":23,"featured_media":23726,"comment_status":"open","ping_status":"open","sticky":false,"template":"","format":"standard","meta":{"_jetpack_memberships_contains_paid_content":false,"footnotes":""},"categories":[213,219],"tags":[239,240],"class_list":["post-24126","post","type-post","status-publish","format-standard","has-post-thumbnail","hentry","category-dernieres-informations","category-toutes-les-publications","tag-histoire-du-canada","tag-meilleur-premier-ministre-canadien-de-tous-les-temps"],"yoast_head":"<!-- This site is optimized with the Yoast SEO plugin v26.9 - https:\/\/yoast.com\/product\/yoast-seo-wordpress\/ -->\n<title>Les Canadiens sont class\u00e9s parmi les plus grands premiers ministres de l\u2019histoire du Canada &#187; Pollara Strategic Insights<\/title>\n<meta name=\"robots\" content=\"index, follow, max-snippet:-1, max-image-preview:large, max-video-preview:-1\" \/>\n<link rel=\"canonical\" href=\"https:\/\/www.pollara.com\/fr-ca\/les-canadiens-sont-classes-parmi-les-plus-grands-premiers-ministres-de-lhistoire-du-canada\/\" \/>\n<meta property=\"og:locale\" content=\"fr_CA\" \/>\n<meta property=\"og:type\" content=\"article\" \/>\n<meta property=\"og:title\" content=\"Les Canadiens sont class\u00e9s parmi les plus grands premiers ministres de l\u2019histoire du Canada\" \/>\n<meta property=\"og:description\" content=\"23 janvier 2023 \u2014 Le sondage de Pollara Strategic Insights aupr\u00e8s des Canadiens ne montre aucun consensus sur l\u2019\u00e9tat du plus grand premier ministre du Canada , bien que Pierre Trudeau (11 %) et Stephen Harper (10 %) aient recueilli le plus de votes. Trudeau et Harper sont des chiffres polarisants, car Trudeau \u00e9tait le &hellip; Continuer la lecture de &laquo; Les Canadiens sont class\u00e9s parmi les plus grands premiers ministres de l\u2019histoire du Canada &raquo;\" \/>\n<meta property=\"og:url\" content=\"https:\/\/www.pollara.com\/fr-ca\/les-canadiens-sont-classes-parmi-les-plus-grands-premiers-ministres-de-lhistoire-du-canada\/\" \/>\n<meta property=\"og:site_name\" content=\"Pollara Strategic Insights\" \/>\n<meta property=\"article:publisher\" content=\"https:\/\/www.facebook.com\/PollaraStrategicInsights\/\" \/>\n<meta property=\"article:published_time\" content=\"2023-01-23T13:22:09+00:00\" \/>\n<meta property=\"article:modified_time\" content=\"2024-07-02T23:35:39+00:00\" \/>\n<meta property=\"og:image\" content=\"https:\/\/www.pollara.com\/wp-content\/uploads\/2023\/01\/Web-Squarish-Greatest_PrimeMinister.jpg\" \/>\n<meta name=\"author\" content=\"Pollara Webmaster\" \/>\n<meta name=\"twitter:card\" content=\"summary_large_image\" \/>\n<meta name=\"twitter:title\" content=\"Les Canadiens sont class\u00e9s parmi les plus grands premiers ministres de l\u2019histoire du Canada\" \/>\n<meta name=\"twitter:image\" content=\"https:\/\/www.pollara.com\/wp-content\/uploads\/2023\/01\/Web-Squarish-Greatest_PrimeMinister.jpg\" \/>\n<meta name=\"twitter:creator\" content=\"@Pollara\" \/>\n<meta name=\"twitter:site\" content=\"@Pollara\" \/>\n<meta name=\"twitter:label1\" content=\"\u00c9crit par\" \/>\n\t<meta name=\"twitter:data1\" content=\"Pollara Webmaster\" \/>\n\t<meta name=\"twitter:label2\" content=\"Estimation du temps de lecture\" \/>\n\t<meta name=\"twitter:data2\" content=\"1 minute\" \/>\n<script type=\"application\/ld+json\" class=\"yoast-schema-graph\">{\"@context\":\"https:\/\/schema.org\",\"@graph\":[{\"@type\":\"Article\",\"@id\":\"https:\/\/www.pollara.com\/fr-ca\/les-canadiens-sont-classes-parmi-les-plus-grands-premiers-ministres-de-lhistoire-du-canada\/#article\",\"isPartOf\":{\"@id\":\"https:\/\/www.pollara.com\/fr-ca\/les-canadiens-sont-classes-parmi-les-plus-grands-premiers-ministres-de-lhistoire-du-canada\/\"},\"author\":{\"name\":\"Pollara Webmaster\",\"@id\":\"https:\/\/www.pollara.com\/fr-ca\/#\/schema\/person\/d7352ebbb416d785149d1a802ca77180\"},\"headline\":\"Les Canadiens sont class\u00e9s parmi les plus grands premiers ministres de l\u2019histoire du Canada\",\"datePublished\":\"2023-01-23T13:22:09+00:00\",\"dateModified\":\"2024-07-02T23:35:39+00:00\",\"mainEntityOfPage\":{\"@id\":\"https:\/\/www.pollara.com\/fr-ca\/les-canadiens-sont-classes-parmi-les-plus-grands-premiers-ministres-de-lhistoire-du-canada\/\"},\"wordCount\":189,\"commentCount\":0,\"publisher\":{\"@id\":\"https:\/\/www.pollara.com\/fr-ca\/#organization\"},\"image\":{\"@id\":\"https:\/\/www.pollara.com\/fr-ca\/les-canadiens-sont-classes-parmi-les-plus-grands-premiers-ministres-de-lhistoire-du-canada\/#primaryimage\"},\"thumbnailUrl\":\"https:\/\/www.pollara.com\/wp-content\/uploads\/2023\/01\/Web-Squarish-Greatest_PrimeMinister.jpg?wsr\",\"keywords\":[\"Histoire du Canada\",\"Meilleur premier ministre canadien de tous les temps\"],\"articleSection\":[\"Derni\u00e8res informations\",\"Toutes les publications\"],\"inLanguage\":\"fr-CA\",\"potentialAction\":[{\"@type\":\"CommentAction\",\"name\":\"Comment\",\"target\":[\"https:\/\/www.pollara.com\/fr-ca\/les-canadiens-sont-classes-parmi-les-plus-grands-premiers-ministres-de-lhistoire-du-canada\/#respond\"]}]},{\"@type\":\"WebPage\",\"@id\":\"https:\/\/www.pollara.com\/fr-ca\/les-canadiens-sont-classes-parmi-les-plus-grands-premiers-ministres-de-lhistoire-du-canada\/\",\"url\":\"https:\/\/www.pollara.com\/fr-ca\/les-canadiens-sont-classes-parmi-les-plus-grands-premiers-ministres-de-lhistoire-du-canada\/\",\"name\":\"Les Canadiens sont class\u00e9s parmi les plus grands premiers ministres de l\u2019histoire du Canada &#187; Pollara Strategic Insights\",\"isPartOf\":{\"@id\":\"https:\/\/www.pollara.com\/fr-ca\/#website\"},\"primaryImageOfPage\":{\"@id\":\"https:\/\/www.pollara.com\/fr-ca\/les-canadiens-sont-classes-parmi-les-plus-grands-premiers-ministres-de-lhistoire-du-canada\/#primaryimage\"},\"image\":{\"@id\":\"https:\/\/www.pollara.com\/fr-ca\/les-canadiens-sont-classes-parmi-les-plus-grands-premiers-ministres-de-lhistoire-du-canada\/#primaryimage\"},\"thumbnailUrl\":\"https:\/\/www.pollara.com\/wp-content\/uploads\/2023\/01\/Web-Squarish-Greatest_PrimeMinister.jpg?wsr\",\"datePublished\":\"2023-01-23T13:22:09+00:00\",\"dateModified\":\"2024-07-02T23:35:39+00:00\",\"inLanguage\":\"fr-CA\",\"potentialAction\":[{\"@type\":\"ReadAction\",\"target\":[\"https:\/\/www.pollara.com\/fr-ca\/les-canadiens-sont-classes-parmi-les-plus-grands-premiers-ministres-de-lhistoire-du-canada\/\"]}]},{\"@type\":\"ImageObject\",\"inLanguage\":\"fr-CA\",\"@id\":\"https:\/\/www.pollara.com\/fr-ca\/les-canadiens-sont-classes-parmi-les-plus-grands-premiers-ministres-de-lhistoire-du-canada\/#primaryimage\",\"url\":\"https:\/\/www.pollara.com\/wp-content\/uploads\/2023\/01\/Web-Squarish-Greatest_PrimeMinister.jpg?wsr\",\"contentUrl\":\"https:\/\/www.pollara.com\/wp-content\/uploads\/2023\/01\/Web-Squarish-Greatest_PrimeMinister.jpg?wsr\",\"width\":723,\"height\":484},{\"@type\":\"WebSite\",\"@id\":\"https:\/\/www.pollara.com\/fr-ca\/#website\",\"url\":\"https:\/\/www.pollara.com\/fr-ca\/\",\"name\":\"Pollara Strategic Insights\",\"description\":\"Canada\u2019s most senior, experienced research project leaders\",\"publisher\":{\"@id\":\"https:\/\/www.pollara.com\/fr-ca\/#organization\"},\"potentialAction\":[{\"@type\":\"SearchAction\",\"target\":{\"@type\":\"EntryPoint\",\"urlTemplate\":\"https:\/\/www.pollara.com\/fr-ca\/?s={search_term_string}\"},\"query-input\":{\"@type\":\"PropertyValueSpecification\",\"valueRequired\":true,\"valueName\":\"search_term_string\"}}],\"inLanguage\":\"fr-CA\"},{\"@type\":\"Organization\",\"@id\":\"https:\/\/www.pollara.com\/fr-ca\/#organization\",\"name\":\"Pollara Strategic Insights\",\"url\":\"https:\/\/www.pollara.com\/fr-ca\/\",\"logo\":{\"@type\":\"ImageObject\",\"inLanguage\":\"fr-CA\",\"@id\":\"https:\/\/www.pollara.com\/fr-ca\/#\/schema\/logo\/image\/\",\"url\":\"https:\/\/www.pollara.com\/wp-content\/uploads\/2017\/12\/pollara-1.svg\",\"contentUrl\":\"https:\/\/www.pollara.com\/wp-content\/uploads\/2017\/12\/pollara-1.svg\",\"width\":1,\"height\":1,\"caption\":\"Pollara Strategic Insights\"},\"image\":{\"@id\":\"https:\/\/www.pollara.com\/fr-ca\/#\/schema\/logo\/image\/\"},\"sameAs\":[\"https:\/\/www.facebook.com\/PollaraStrategicInsights\/\",\"https:\/\/x.com\/Pollara\",\"https:\/\/www.instagram.com\/pollarastrategicinsights\/\",\"https:\/\/www.linkedin.com\/company\/pollarastrategicinsights\/\"]},{\"@type\":\"Person\",\"@id\":\"https:\/\/www.pollara.com\/fr-ca\/#\/schema\/person\/d7352ebbb416d785149d1a802ca77180\",\"name\":\"Pollara Webmaster\",\"image\":{\"@type\":\"ImageObject\",\"inLanguage\":\"fr-CA\",\"@id\":\"https:\/\/www.pollara.com\/fr-ca\/#\/schema\/person\/image\/\",\"url\":\"https:\/\/secure.gravatar.com\/avatar\/91e9c48d2d1e847ec803940d5e916de129db35ebfdb6cafc371110f815deddcf?s=96&d=mm&r=g\",\"contentUrl\":\"https:\/\/secure.gravatar.com\/avatar\/91e9c48d2d1e847ec803940d5e916de129db35ebfdb6cafc371110f815deddcf?s=96&d=mm&r=g\",\"caption\":\"Pollara Webmaster\"}}]}<\/script>\n<!-- \/ Yoast SEO plugin. -->","yoast_head_json":{"title":"Les Canadiens sont class\u00e9s parmi les plus grands premiers ministres de l\u2019histoire du Canada &#187; Pollara Strategic Insights","robots":{"index":"index","follow":"follow","max-snippet":"max-snippet:-1","max-image-preview":"max-image-preview:large","max-video-preview":"max-video-preview:-1"},"canonical":"https:\/\/www.pollara.com\/fr-ca\/les-canadiens-sont-classes-parmi-les-plus-grands-premiers-ministres-de-lhistoire-du-canada\/","og_locale":"fr_CA","og_type":"article","og_title":"Les Canadiens sont class\u00e9s parmi les plus grands premiers ministres de l\u2019histoire du Canada","og_description":"23 janvier 2023 \u2014 Le sondage de Pollara Strategic Insights aupr\u00e8s des Canadiens ne montre aucun consensus sur l\u2019\u00e9tat du plus grand premier ministre du Canada , bien que Pierre Trudeau (11 %) et Stephen Harper (10 %) aient recueilli le plus de votes. Trudeau et Harper sont des chiffres polarisants, car Trudeau \u00e9tait le &hellip; Continuer la lecture de &laquo; Les Canadiens sont class\u00e9s parmi les plus grands premiers ministres de l\u2019histoire du Canada &raquo;","og_url":"https:\/\/www.pollara.com\/fr-ca\/les-canadiens-sont-classes-parmi-les-plus-grands-premiers-ministres-de-lhistoire-du-canada\/","og_site_name":"Pollara Strategic Insights","article_publisher":"https:\/\/www.facebook.com\/PollaraStrategicInsights\/","article_published_time":"2023-01-23T13:22:09+00:00","article_modified_time":"2024-07-02T23:35:39+00:00","og_image":[{"url":"https:\/\/www.pollara.com\/wp-content\/uploads\/2023\/01\/Web-Squarish-Greatest_PrimeMinister.jpg","type":"","width":"","height":""}],"author":"Pollara Webmaster","twitter_card":"summary_large_image","twitter_title":"Les Canadiens sont class\u00e9s parmi les plus grands premiers ministres de l\u2019histoire du Canada","twitter_image":"https:\/\/www.pollara.com\/wp-content\/uploads\/2023\/01\/Web-Squarish-Greatest_PrimeMinister.jpg","twitter_creator":"@Pollara","twitter_site":"@Pollara","twitter_misc":{"\u00c9crit par":"Pollara Webmaster","Estimation du temps de lecture":"1 minute"},"schema":{"@context":"https:\/\/schema.org","@graph":[{"@type":"Article","@id":"https:\/\/www.pollara.com\/fr-ca\/les-canadiens-sont-classes-parmi-les-plus-grands-premiers-ministres-de-lhistoire-du-canada\/#article","isPartOf":{"@id":"https:\/\/www.pollara.com\/fr-ca\/les-canadiens-sont-classes-parmi-les-plus-grands-premiers-ministres-de-lhistoire-du-canada\/"},"author":{"name":"Pollara Webmaster","@id":"https:\/\/www.pollara.com\/fr-ca\/#\/schema\/person\/d7352ebbb416d785149d1a802ca77180"},"headline":"Les Canadiens sont class\u00e9s parmi les plus grands premiers ministres de l\u2019histoire du Canada","datePublished":"2023-01-23T13:22:09+00:00","dateModified":"2024-07-02T23:35:39+00:00","mainEntityOfPage":{"@id":"https:\/\/www.pollara.com\/fr-ca\/les-canadiens-sont-classes-parmi-les-plus-grands-premiers-ministres-de-lhistoire-du-canada\/"},"wordCount":189,"commentCount":0,"publisher":{"@id":"https:\/\/www.pollara.com\/fr-ca\/#organization"},"image":{"@id":"https:\/\/www.pollara.com\/fr-ca\/les-canadiens-sont-classes-parmi-les-plus-grands-premiers-ministres-de-lhistoire-du-canada\/#primaryimage"},"thumbnailUrl":"https:\/\/www.pollara.com\/wp-content\/uploads\/2023\/01\/Web-Squarish-Greatest_PrimeMinister.jpg?wsr","keywords":["Histoire du Canada","Meilleur premier ministre canadien de tous les temps"],"articleSection":["Derni\u00e8res informations","Toutes les publications"],"inLanguage":"fr-CA","potentialAction":[{"@type":"CommentAction","name":"Comment","target":["https:\/\/www.pollara.com\/fr-ca\/les-canadiens-sont-classes-parmi-les-plus-grands-premiers-ministres-de-lhistoire-du-canada\/#respond"]}]},{"@type":"WebPage","@id":"https:\/\/www.pollara.com\/fr-ca\/les-canadiens-sont-classes-parmi-les-plus-grands-premiers-ministres-de-lhistoire-du-canada\/","url":"https:\/\/www.pollara.com\/fr-ca\/les-canadiens-sont-classes-parmi-les-plus-grands-premiers-ministres-de-lhistoire-du-canada\/","name":"Les Canadiens sont class\u00e9s parmi les plus grands premiers ministres de l\u2019histoire du Canada &#187; Pollara Strategic Insights","isPartOf":{"@id":"https:\/\/www.pollara.com\/fr-ca\/#website"},"primaryImageOfPage":{"@id":"https:\/\/www.pollara.com\/fr-ca\/les-canadiens-sont-classes-parmi-les-plus-grands-premiers-ministres-de-lhistoire-du-canada\/#primaryimage"},"image":{"@id":"https:\/\/www.pollara.com\/fr-ca\/les-canadiens-sont-classes-parmi-les-plus-grands-premiers-ministres-de-lhistoire-du-canada\/#primaryimage"},"thumbnailUrl":"https:\/\/www.pollara.com\/wp-content\/uploads\/2023\/01\/Web-Squarish-Greatest_PrimeMinister.jpg?wsr","datePublished":"2023-01-23T13:22:09+00:00","dateModified":"2024-07-02T23:35:39+00:00","inLanguage":"fr-CA","potentialAction":[{"@type":"ReadAction","target":["https:\/\/www.pollara.com\/fr-ca\/les-canadiens-sont-classes-parmi-les-plus-grands-premiers-ministres-de-lhistoire-du-canada\/"]}]},{"@type":"ImageObject","inLanguage":"fr-CA","@id":"https:\/\/www.pollara.com\/fr-ca\/les-canadiens-sont-classes-parmi-les-plus-grands-premiers-ministres-de-lhistoire-du-canada\/#primaryimage","url":"https:\/\/www.pollara.com\/wp-content\/uploads\/2023\/01\/Web-Squarish-Greatest_PrimeMinister.jpg?wsr","contentUrl":"https:\/\/www.pollara.com\/wp-content\/uploads\/2023\/01\/Web-Squarish-Greatest_PrimeMinister.jpg?wsr","width":723,"height":484},{"@type":"WebSite","@id":"https:\/\/www.pollara.com\/fr-ca\/#website","url":"https:\/\/www.pollara.com\/fr-ca\/","name":"Pollara Strategic Insights","description":"Canada\u2019s most senior, experienced research project leaders","publisher":{"@id":"https:\/\/www.pollara.com\/fr-ca\/#organization"},"potentialAction":[{"@type":"SearchAction","target":{"@type":"EntryPoint","urlTemplate":"https:\/\/www.pollara.com\/fr-ca\/?s={search_term_string}"},"query-input":{"@type":"PropertyValueSpecification","valueRequired":true,"valueName":"search_term_string"}}],"inLanguage":"fr-CA"},{"@type":"Organization","@id":"https:\/\/www.pollara.com\/fr-ca\/#organization","name":"Pollara Strategic Insights","url":"https:\/\/www.pollara.com\/fr-ca\/","logo":{"@type":"ImageObject","inLanguage":"fr-CA","@id":"https:\/\/www.pollara.com\/fr-ca\/#\/schema\/logo\/image\/","url":"https:\/\/www.pollara.com\/wp-content\/uploads\/2017\/12\/pollara-1.svg","contentUrl":"https:\/\/www.pollara.com\/wp-content\/uploads\/2017\/12\/pollara-1.svg","width":1,"height":1,"caption":"Pollara Strategic Insights"},"image":{"@id":"https:\/\/www.pollara.com\/fr-ca\/#\/schema\/logo\/image\/"},"sameAs":["https:\/\/www.facebook.com\/PollaraStrategicInsights\/","https:\/\/x.com\/Pollara","https:\/\/www.instagram.com\/pollarastrategicinsights\/","https:\/\/www.linkedin.com\/company\/pollarastrategicinsights\/"]},{"@type":"Person","@id":"https:\/\/www.pollara.com\/fr-ca\/#\/schema\/person\/d7352ebbb416d785149d1a802ca77180","name":"Pollara Webmaster","image":{"@type":"ImageObject","inLanguage":"fr-CA","@id":"https:\/\/www.pollara.com\/fr-ca\/#\/schema\/person\/image\/","url":"https:\/\/secure.gravatar.com\/avatar\/91e9c48d2d1e847ec803940d5e916de129db35ebfdb6cafc371110f815deddcf?s=96&d=mm&r=g","contentUrl":"https:\/\/secure.gravatar.com\/avatar\/91e9c48d2d1e847ec803940d5e916de129db35ebfdb6cafc371110f815deddcf?s=96&d=mm&r=g","caption":"Pollara Webmaster"}}]}},"jetpack_featured_media_url":"https:\/\/www.pollara.com\/wp-content\/uploads\/2023\/01\/Web-Squarish-Greatest_PrimeMinister.jpg?wsr","jetpack_sharing_enabled":true,"_links":{"self":[{"href":"https:\/\/www.pollara.com\/fr-ca\/wp-json\/wp\/v2\/posts\/24126","targetHints":{"allow":["GET"]}}],"collection":[{"href":"https:\/\/www.pollara.com\/fr-ca\/wp-json\/wp\/v2\/posts"}],"about":[{"href":"https:\/\/www.pollara.com\/fr-ca\/wp-json\/wp\/v2\/types\/post"}],"author":[{"embeddable":true,"href":"https:\/\/www.pollara.com\/fr-ca\/wp-json\/wp\/v2\/users\/23"}],"replies":[{"embeddable":true,"href":"https:\/\/www.pollara.com\/fr-ca\/wp-json\/wp\/v2\/comments?post=24126"}],"version-history":[{"count":1,"href":"https:\/\/www.pollara.com\/fr-ca\/wp-json\/wp\/v2\/posts\/24126\/revisions"}],"predecessor-version":[{"id":24129,"href":"https:\/\/www.pollara.com\/fr-ca\/wp-json\/wp\/v2\/posts\/24126\/revisions\/24129"}],"wp:featuredmedia":[{"embeddable":true,"href":"https:\/\/www.pollara.com\/fr-ca\/wp-json\/wp\/v2\/media\/23726"}],"wp:attachment":[{"href":"https:\/\/www.pollara.com\/fr-ca\/wp-json\/wp\/v2\/media?parent=24126"}],"wp:term":[{"taxonomy":"category","embeddable":true,"href":"https:\/\/www.pollara.com\/fr-ca\/wp-json\/wp\/v2\/categories?post=24126"},{"taxonomy":"post_tag","embeddable":true,"href":"https:\/\/www.pollara.com\/fr-ca\/wp-json\/wp\/v2\/tags?post=24126"}],"curies":[{"name":"wp","href":"https:\/\/api.w.org\/{rel}","templated":true}]}}