{"id":24130,"date":"2023-01-11T11:54:19","date_gmt":"2023-01-11T16:54:19","guid":{"rendered":"https:\/\/www.pollara.com\/perspectives-economiques-2023-perspectives-economiques-les-plus-pessimistes-pour-les-canadiens-en-14-ans\/"},"modified":"2024-07-02T19:35:46","modified_gmt":"2024-07-02T23:35:46","slug":"perspectives-economiques-2023-perspectives-economiques-les-plus-pessimistes-pour-les-canadiens-en-14-ans","status":"publish","type":"post","link":"https:\/\/www.pollara.com\/fr-ca\/perspectives-economiques-2023-perspectives-economiques-les-plus-pessimistes-pour-les-canadiens-en-14-ans\/","title":{"rendered":"Perspectives \u00e9conomiques 2023 : Perspectives \u00e9conomiques les plus pessimistes pour les Canadiens en 14 ans"},"content":{"rendered":"\n<p>Le 11 janvier 2023 \u2014 L\u2019\u00e9tude annuelle de Pollara sur les <a href=\"https:\/\/www.pollara.com\/wp-content\/uploads\/2023\/01\/Pollara_EconoOutlook2023.pdf\"><em>perspectives \u00e9conomiques<\/em><\/a> r\u00e9v\u00e8le que le public est le plus pessimiste \u00e0 l\u2019\u00e9gard de l\u2019\u00e9conomie canadienne et de ses finances personnelles depuis la crise financi\u00e8re de 2008. Sur de nombreuses questions, nous voyons que les niveaux de n\u00e9gativit\u00e9 n\u2019ont atteint que quelques fois au cours des 28 ann\u00e9es pendant lesquelles cette \u00e9tude a \u00e9t\u00e9 men\u00e9e.<\/p>\n\n<p>\u00c0 l\u2019entr\u00e9e de 2023, plus de huit Canadiens sur dix (83 %) estiment que le pays est en r\u00e9cession, une augmentation de 17 points par rapport \u00e0 l\u2019an dernier et le niveau le plus \u00e9lev\u00e9 enregistr\u00e9 depuis 2009.<\/p>\n\n<p>Ce pessimisme peut \u00e9galement \u00eatre vu lorsque les gens regardent leurs finances personnelles. Le pourcentage de Canadiens qui ont l\u2019impression de \u00ab perdre du terrain \u00bb financi\u00e8rement est pass\u00e9 de 25 % l\u2019an dernier \u00e0 38 % cette ann\u00e9e. Les plus grandes d\u00e9penses li\u00e9es au co\u00fbt de la vie sont le co\u00fbt de la nourriture (46% disent que c\u2019est une source majeure de stress), les d\u00e9penses de logement (34%), et le co\u00fbt de l\u2019essence (30%).<\/p>\n\n<p>Au milieu de ces pressions exerc\u00e9es sur le co\u00fbt de la vie, lorsqu\u2019on se tourne vers 2023, la moiti\u00e9 (50 %) des Canadiens s\u2019attendent \u00e0 ce que le revenu de leur m\u00e9nage soit en devanc\u00e9 par rapport au co\u00fbt de la vie \u2013 un sommet atteint une seule fois au cours des 28 ann\u00e9es de l\u2019\u00e9tude <em>sur les perspectives \u00e9conomiques<\/em> de Pollara.<\/p>\n\n<p>La seule lueur d\u2019espoir du public pour 2023 est le march\u00e9 du travail canadien, qui a termin\u00e9 l\u2019ann\u00e9e avec de faibles niveaux de ch\u00f4mage. Seulement deux Canadiens sur dix (20 %) estiment qu\u2019il est probable qu\u2019eux-m\u00eames ou un membre de leur famille perdront leur emploi cette ann\u00e9e, le niveau le plus bas enregistr\u00e9 depuis 2008.<\/p>\n\n<p>Voir <a href=\"https:\/\/www.pollara.com\/wp-content\/uploads\/2023\/01\/Pollara_EconoOutlook2023.pdf\">tous les d\u00e9tails dans notre rapport<\/a> et les commentaires sur l\u2019\u00e9tude dans le <a href=\"https:\/\/www.thestar.com\/politics\/provincial\/2023\/01\/11\/gloomy-canadians-feel-like-recession-is-already-here-poll-finds.html\">Toronto Star<\/a>.<\/p>\n","protected":false},"excerpt":{"rendered":"<p>Le 11 janvier 2023 \u2014 L\u2019\u00e9tude annuelle de Pollara sur les perspectives \u00e9conomiques r\u00e9v\u00e8le que le public est le plus pessimiste \u00e0 l\u2019\u00e9gard de l\u2019\u00e9conomie canadienne et de ses finances personnelles depuis la crise financi\u00e8re de 2008. Sur de nombreuses questions, nous voyons que les niveaux de n\u00e9gativit\u00e9 n\u2019ont atteint que quelques fois au cours &hellip; <\/p>\n<p class=\"link-more\"><a href=\"https:\/\/www.pollara.com\/fr-ca\/perspectives-economiques-2023-perspectives-economiques-les-plus-pessimistes-pour-les-canadiens-en-14-ans\/\" class=\"more-link\">Continuer la lecture<span class=\"screen-reader-text\"> de &laquo; Perspectives \u00e9conomiques 2023 : Perspectives \u00e9conomiques les plus pessimistes pour les Canadiens en 14 ans &raquo;<\/span><\/a><\/p>\n","protected":false},"author":23,"featured_media":23722,"comment_status":"open","ping_status":"open","sticky":false,"template":"","format":"standard","meta":{"_jetpack_memberships_contains_paid_content":false,"footnotes":""},"categories":[213,219],"tags":[],"class_list":["post-24130","post","type-post","status-publish","format-standard","has-post-thumbnail","hentry","category-dernieres-informations","category-toutes-les-publications"],"yoast_head":"<!-- This site is optimized with the Yoast SEO plugin v26.9 - https:\/\/yoast.com\/product\/yoast-seo-wordpress\/ -->\n<title>Perspectives \u00e9conomiques 2023 : Perspectives \u00e9conomiques les plus pessimistes pour les Canadiens en 14 ans &#187; Pollara Strategic Insights<\/title>\n<meta name=\"robots\" content=\"index, follow, max-snippet:-1, max-image-preview:large, max-video-preview:-1\" \/>\n<link rel=\"canonical\" href=\"https:\/\/www.pollara.com\/fr-ca\/perspectives-economiques-2023-perspectives-economiques-les-plus-pessimistes-pour-les-canadiens-en-14-ans\/\" \/>\n<meta property=\"og:locale\" content=\"fr_CA\" \/>\n<meta property=\"og:type\" content=\"article\" \/>\n<meta property=\"og:title\" content=\"Perspectives \u00e9conomiques 2023 : Perspectives \u00e9conomiques les plus pessimistes pour les Canadiens en 14 ans\" \/>\n<meta property=\"og:description\" content=\"Le 11 janvier 2023 \u2014 L\u2019\u00e9tude annuelle de Pollara sur les perspectives \u00e9conomiques r\u00e9v\u00e8le que le public est le plus pessimiste \u00e0 l\u2019\u00e9gard de l\u2019\u00e9conomie canadienne et de ses finances personnelles depuis la crise financi\u00e8re de 2008. Sur de nombreuses questions, nous voyons que les niveaux de n\u00e9gativit\u00e9 n\u2019ont atteint que quelques fois au cours &hellip; Continuer la lecture de &laquo; Perspectives \u00e9conomiques 2023 : Perspectives \u00e9conomiques les plus pessimistes pour les Canadiens en 14 ans &raquo;\" \/>\n<meta property=\"og:url\" content=\"https:\/\/www.pollara.com\/fr-ca\/perspectives-economiques-2023-perspectives-economiques-les-plus-pessimistes-pour-les-canadiens-en-14-ans\/\" \/>\n<meta property=\"og:site_name\" content=\"Pollara Strategic Insights\" \/>\n<meta property=\"article:publisher\" content=\"https:\/\/www.facebook.com\/PollaraStrategicInsights\/\" \/>\n<meta property=\"article:published_time\" content=\"2023-01-11T16:54:19+00:00\" \/>\n<meta property=\"article:modified_time\" content=\"2024-07-02T23:35:46+00:00\" \/>\n<meta property=\"og:image\" content=\"https:\/\/www.pollara.com\/wp-content\/uploads\/2023\/01\/Web-Squarish_EconomicOutlook2023jpg.jpg\" \/>\n<meta name=\"author\" content=\"Pollara Webmaster\" \/>\n<meta name=\"twitter:card\" content=\"summary_large_image\" \/>\n<meta name=\"twitter:title\" content=\"Perspectives \u00e9conomiques 2023 : Perspectives \u00e9conomiques les plus pessimistes pour les Canadiens en 14 ans\" \/>\n<meta name=\"twitter:image\" content=\"https:\/\/www.pollara.com\/wp-content\/uploads\/2023\/01\/Web-Squarish_EconomicOutlook2023jpg.jpg\" \/>\n<meta name=\"twitter:creator\" content=\"@Pollara\" \/>\n<meta name=\"twitter:site\" content=\"@Pollara\" \/>\n<meta name=\"twitter:label1\" content=\"\u00c9crit par\" \/>\n\t<meta name=\"twitter:data1\" content=\"Pollara Webmaster\" \/>\n\t<meta name=\"twitter:label2\" content=\"Estimation du temps de lecture\" \/>\n\t<meta name=\"twitter:data2\" content=\"2 minutes\" \/>\n<script type=\"application\/ld+json\" class=\"yoast-schema-graph\">{\"@context\":\"https:\/\/schema.org\",\"@graph\":[{\"@type\":\"Article\",\"@id\":\"https:\/\/www.pollara.com\/fr-ca\/perspectives-economiques-2023-perspectives-economiques-les-plus-pessimistes-pour-les-canadiens-en-14-ans\/#article\",\"isPartOf\":{\"@id\":\"https:\/\/www.pollara.com\/fr-ca\/perspectives-economiques-2023-perspectives-economiques-les-plus-pessimistes-pour-les-canadiens-en-14-ans\/\"},\"author\":{\"name\":\"Pollara Webmaster\",\"@id\":\"https:\/\/www.pollara.com\/fr-ca\/#\/schema\/person\/d7352ebbb416d785149d1a802ca77180\"},\"headline\":\"Perspectives \u00e9conomiques 2023 : Perspectives \u00e9conomiques les plus pessimistes pour les Canadiens en 14 ans\",\"datePublished\":\"2023-01-11T16:54:19+00:00\",\"dateModified\":\"2024-07-02T23:35:46+00:00\",\"mainEntityOfPage\":{\"@id\":\"https:\/\/www.pollara.com\/fr-ca\/perspectives-economiques-2023-perspectives-economiques-les-plus-pessimistes-pour-les-canadiens-en-14-ans\/\"},\"wordCount\":334,\"commentCount\":0,\"publisher\":{\"@id\":\"https:\/\/www.pollara.com\/fr-ca\/#organization\"},\"image\":{\"@id\":\"https:\/\/www.pollara.com\/fr-ca\/perspectives-economiques-2023-perspectives-economiques-les-plus-pessimistes-pour-les-canadiens-en-14-ans\/#primaryimage\"},\"thumbnailUrl\":\"https:\/\/www.pollara.com\/wp-content\/uploads\/2023\/01\/Web-Squarish_EconomicOutlook2023jpg.jpg?wsr\",\"articleSection\":[\"Derni\u00e8res informations\",\"Toutes les publications\"],\"inLanguage\":\"fr-CA\",\"potentialAction\":[{\"@type\":\"CommentAction\",\"name\":\"Comment\",\"target\":[\"https:\/\/www.pollara.com\/fr-ca\/perspectives-economiques-2023-perspectives-economiques-les-plus-pessimistes-pour-les-canadiens-en-14-ans\/#respond\"]}]},{\"@type\":\"WebPage\",\"@id\":\"https:\/\/www.pollara.com\/fr-ca\/perspectives-economiques-2023-perspectives-economiques-les-plus-pessimistes-pour-les-canadiens-en-14-ans\/\",\"url\":\"https:\/\/www.pollara.com\/fr-ca\/perspectives-economiques-2023-perspectives-economiques-les-plus-pessimistes-pour-les-canadiens-en-14-ans\/\",\"name\":\"Perspectives \u00e9conomiques 2023 : Perspectives \u00e9conomiques les plus pessimistes pour les Canadiens en 14 ans &#187; Pollara Strategic Insights\",\"isPartOf\":{\"@id\":\"https:\/\/www.pollara.com\/fr-ca\/#website\"},\"primaryImageOfPage\":{\"@id\":\"https:\/\/www.pollara.com\/fr-ca\/perspectives-economiques-2023-perspectives-economiques-les-plus-pessimistes-pour-les-canadiens-en-14-ans\/#primaryimage\"},\"image\":{\"@id\":\"https:\/\/www.pollara.com\/fr-ca\/perspectives-economiques-2023-perspectives-economiques-les-plus-pessimistes-pour-les-canadiens-en-14-ans\/#primaryimage\"},\"thumbnailUrl\":\"https:\/\/www.pollara.com\/wp-content\/uploads\/2023\/01\/Web-Squarish_EconomicOutlook2023jpg.jpg?wsr\",\"datePublished\":\"2023-01-11T16:54:19+00:00\",\"dateModified\":\"2024-07-02T23:35:46+00:00\",\"inLanguage\":\"fr-CA\",\"potentialAction\":[{\"@type\":\"ReadAction\",\"target\":[\"https:\/\/www.pollara.com\/fr-ca\/perspectives-economiques-2023-perspectives-economiques-les-plus-pessimistes-pour-les-canadiens-en-14-ans\/\"]}]},{\"@type\":\"ImageObject\",\"inLanguage\":\"fr-CA\",\"@id\":\"https:\/\/www.pollara.com\/fr-ca\/perspectives-economiques-2023-perspectives-economiques-les-plus-pessimistes-pour-les-canadiens-en-14-ans\/#primaryimage\",\"url\":\"https:\/\/www.pollara.com\/wp-content\/uploads\/2023\/01\/Web-Squarish_EconomicOutlook2023jpg.jpg?wsr\",\"contentUrl\":\"https:\/\/www.pollara.com\/wp-content\/uploads\/2023\/01\/Web-Squarish_EconomicOutlook2023jpg.jpg?wsr\",\"width\":723,\"height\":484},{\"@type\":\"WebSite\",\"@id\":\"https:\/\/www.pollara.com\/fr-ca\/#website\",\"url\":\"https:\/\/www.pollara.com\/fr-ca\/\",\"name\":\"Pollara Strategic Insights\",\"description\":\"Canada\u2019s most senior, experienced research project leaders\",\"publisher\":{\"@id\":\"https:\/\/www.pollara.com\/fr-ca\/#organization\"},\"potentialAction\":[{\"@type\":\"SearchAction\",\"target\":{\"@type\":\"EntryPoint\",\"urlTemplate\":\"https:\/\/www.pollara.com\/fr-ca\/?s={search_term_string}\"},\"query-input\":{\"@type\":\"PropertyValueSpecification\",\"valueRequired\":true,\"valueName\":\"search_term_string\"}}],\"inLanguage\":\"fr-CA\"},{\"@type\":\"Organization\",\"@id\":\"https:\/\/www.pollara.com\/fr-ca\/#organization\",\"name\":\"Pollara Strategic Insights\",\"url\":\"https:\/\/www.pollara.com\/fr-ca\/\",\"logo\":{\"@type\":\"ImageObject\",\"inLanguage\":\"fr-CA\",\"@id\":\"https:\/\/www.pollara.com\/fr-ca\/#\/schema\/logo\/image\/\",\"url\":\"https:\/\/www.pollara.com\/wp-content\/uploads\/2017\/12\/pollara-1.svg\",\"contentUrl\":\"https:\/\/www.pollara.com\/wp-content\/uploads\/2017\/12\/pollara-1.svg\",\"width\":1,\"height\":1,\"caption\":\"Pollara Strategic Insights\"},\"image\":{\"@id\":\"https:\/\/www.pollara.com\/fr-ca\/#\/schema\/logo\/image\/\"},\"sameAs\":[\"https:\/\/www.facebook.com\/PollaraStrategicInsights\/\",\"https:\/\/x.com\/Pollara\",\"https:\/\/www.instagram.com\/pollarastrategicinsights\/\",\"https:\/\/www.linkedin.com\/company\/pollarastrategicinsights\/\"]},{\"@type\":\"Person\",\"@id\":\"https:\/\/www.pollara.com\/fr-ca\/#\/schema\/person\/d7352ebbb416d785149d1a802ca77180\",\"name\":\"Pollara Webmaster\",\"image\":{\"@type\":\"ImageObject\",\"inLanguage\":\"fr-CA\",\"@id\":\"https:\/\/www.pollara.com\/fr-ca\/#\/schema\/person\/image\/\",\"url\":\"https:\/\/secure.gravatar.com\/avatar\/91e9c48d2d1e847ec803940d5e916de129db35ebfdb6cafc371110f815deddcf?s=96&d=mm&r=g\",\"contentUrl\":\"https:\/\/secure.gravatar.com\/avatar\/91e9c48d2d1e847ec803940d5e916de129db35ebfdb6cafc371110f815deddcf?s=96&d=mm&r=g\",\"caption\":\"Pollara Webmaster\"}}]}<\/script>\n<!-- \/ Yoast SEO plugin. -->","yoast_head_json":{"title":"Perspectives \u00e9conomiques 2023 : Perspectives \u00e9conomiques les plus pessimistes pour les Canadiens en 14 ans &#187; Pollara Strategic Insights","robots":{"index":"index","follow":"follow","max-snippet":"max-snippet:-1","max-image-preview":"max-image-preview:large","max-video-preview":"max-video-preview:-1"},"canonical":"https:\/\/www.pollara.com\/fr-ca\/perspectives-economiques-2023-perspectives-economiques-les-plus-pessimistes-pour-les-canadiens-en-14-ans\/","og_locale":"fr_CA","og_type":"article","og_title":"Perspectives \u00e9conomiques 2023 : Perspectives \u00e9conomiques les plus pessimistes pour les Canadiens en 14 ans","og_description":"Le 11 janvier 2023 \u2014 L\u2019\u00e9tude annuelle de Pollara sur les perspectives \u00e9conomiques r\u00e9v\u00e8le que le public est le plus pessimiste \u00e0 l\u2019\u00e9gard de l\u2019\u00e9conomie canadienne et de ses finances personnelles depuis la crise financi\u00e8re de 2008. Sur de nombreuses questions, nous voyons que les niveaux de n\u00e9gativit\u00e9 n\u2019ont atteint que quelques fois au cours &hellip; Continuer la lecture de &laquo; Perspectives \u00e9conomiques 2023 : Perspectives \u00e9conomiques les plus pessimistes pour les Canadiens en 14 ans &raquo;","og_url":"https:\/\/www.pollara.com\/fr-ca\/perspectives-economiques-2023-perspectives-economiques-les-plus-pessimistes-pour-les-canadiens-en-14-ans\/","og_site_name":"Pollara Strategic Insights","article_publisher":"https:\/\/www.facebook.com\/PollaraStrategicInsights\/","article_published_time":"2023-01-11T16:54:19+00:00","article_modified_time":"2024-07-02T23:35:46+00:00","og_image":[{"url":"https:\/\/www.pollara.com\/wp-content\/uploads\/2023\/01\/Web-Squarish_EconomicOutlook2023jpg.jpg","type":"","width":"","height":""}],"author":"Pollara Webmaster","twitter_card":"summary_large_image","twitter_title":"Perspectives \u00e9conomiques 2023 : Perspectives \u00e9conomiques les plus pessimistes pour les Canadiens en 14 ans","twitter_image":"https:\/\/www.pollara.com\/wp-content\/uploads\/2023\/01\/Web-Squarish_EconomicOutlook2023jpg.jpg","twitter_creator":"@Pollara","twitter_site":"@Pollara","twitter_misc":{"\u00c9crit par":"Pollara Webmaster","Estimation du temps de lecture":"2 minutes"},"schema":{"@context":"https:\/\/schema.org","@graph":[{"@type":"Article","@id":"https:\/\/www.pollara.com\/fr-ca\/perspectives-economiques-2023-perspectives-economiques-les-plus-pessimistes-pour-les-canadiens-en-14-ans\/#article","isPartOf":{"@id":"https:\/\/www.pollara.com\/fr-ca\/perspectives-economiques-2023-perspectives-economiques-les-plus-pessimistes-pour-les-canadiens-en-14-ans\/"},"author":{"name":"Pollara Webmaster","@id":"https:\/\/www.pollara.com\/fr-ca\/#\/schema\/person\/d7352ebbb416d785149d1a802ca77180"},"headline":"Perspectives \u00e9conomiques 2023 : Perspectives \u00e9conomiques les plus pessimistes pour les Canadiens en 14 ans","datePublished":"2023-01-11T16:54:19+00:00","dateModified":"2024-07-02T23:35:46+00:00","mainEntityOfPage":{"@id":"https:\/\/www.pollara.com\/fr-ca\/perspectives-economiques-2023-perspectives-economiques-les-plus-pessimistes-pour-les-canadiens-en-14-ans\/"},"wordCount":334,"commentCount":0,"publisher":{"@id":"https:\/\/www.pollara.com\/fr-ca\/#organization"},"image":{"@id":"https:\/\/www.pollara.com\/fr-ca\/perspectives-economiques-2023-perspectives-economiques-les-plus-pessimistes-pour-les-canadiens-en-14-ans\/#primaryimage"},"thumbnailUrl":"https:\/\/www.pollara.com\/wp-content\/uploads\/2023\/01\/Web-Squarish_EconomicOutlook2023jpg.jpg?wsr","articleSection":["Derni\u00e8res informations","Toutes les publications"],"inLanguage":"fr-CA","potentialAction":[{"@type":"CommentAction","name":"Comment","target":["https:\/\/www.pollara.com\/fr-ca\/perspectives-economiques-2023-perspectives-economiques-les-plus-pessimistes-pour-les-canadiens-en-14-ans\/#respond"]}]},{"@type":"WebPage","@id":"https:\/\/www.pollara.com\/fr-ca\/perspectives-economiques-2023-perspectives-economiques-les-plus-pessimistes-pour-les-canadiens-en-14-ans\/","url":"https:\/\/www.pollara.com\/fr-ca\/perspectives-economiques-2023-perspectives-economiques-les-plus-pessimistes-pour-les-canadiens-en-14-ans\/","name":"Perspectives \u00e9conomiques 2023 : Perspectives \u00e9conomiques les plus pessimistes pour les Canadiens en 14 ans &#187; Pollara Strategic Insights","isPartOf":{"@id":"https:\/\/www.pollara.com\/fr-ca\/#website"},"primaryImageOfPage":{"@id":"https:\/\/www.pollara.com\/fr-ca\/perspectives-economiques-2023-perspectives-economiques-les-plus-pessimistes-pour-les-canadiens-en-14-ans\/#primaryimage"},"image":{"@id":"https:\/\/www.pollara.com\/fr-ca\/perspectives-economiques-2023-perspectives-economiques-les-plus-pessimistes-pour-les-canadiens-en-14-ans\/#primaryimage"},"thumbnailUrl":"https:\/\/www.pollara.com\/wp-content\/uploads\/2023\/01\/Web-Squarish_EconomicOutlook2023jpg.jpg?wsr","datePublished":"2023-01-11T16:54:19+00:00","dateModified":"2024-07-02T23:35:46+00:00","inLanguage":"fr-CA","potentialAction":[{"@type":"ReadAction","target":["https:\/\/www.pollara.com\/fr-ca\/perspectives-economiques-2023-perspectives-economiques-les-plus-pessimistes-pour-les-canadiens-en-14-ans\/"]}]},{"@type":"ImageObject","inLanguage":"fr-CA","@id":"https:\/\/www.pollara.com\/fr-ca\/perspectives-economiques-2023-perspectives-economiques-les-plus-pessimistes-pour-les-canadiens-en-14-ans\/#primaryimage","url":"https:\/\/www.pollara.com\/wp-content\/uploads\/2023\/01\/Web-Squarish_EconomicOutlook2023jpg.jpg?wsr","contentUrl":"https:\/\/www.pollara.com\/wp-content\/uploads\/2023\/01\/Web-Squarish_EconomicOutlook2023jpg.jpg?wsr","width":723,"height":484},{"@type":"WebSite","@id":"https:\/\/www.pollara.com\/fr-ca\/#website","url":"https:\/\/www.pollara.com\/fr-ca\/","name":"Pollara Strategic Insights","description":"Canada\u2019s most senior, experienced research project leaders","publisher":{"@id":"https:\/\/www.pollara.com\/fr-ca\/#organization"},"potentialAction":[{"@type":"SearchAction","target":{"@type":"EntryPoint","urlTemplate":"https:\/\/www.pollara.com\/fr-ca\/?s={search_term_string}"},"query-input":{"@type":"PropertyValueSpecification","valueRequired":true,"valueName":"search_term_string"}}],"inLanguage":"fr-CA"},{"@type":"Organization","@id":"https:\/\/www.pollara.com\/fr-ca\/#organization","name":"Pollara Strategic Insights","url":"https:\/\/www.pollara.com\/fr-ca\/","logo":{"@type":"ImageObject","inLanguage":"fr-CA","@id":"https:\/\/www.pollara.com\/fr-ca\/#\/schema\/logo\/image\/","url":"https:\/\/www.pollara.com\/wp-content\/uploads\/2017\/12\/pollara-1.svg","contentUrl":"https:\/\/www.pollara.com\/wp-content\/uploads\/2017\/12\/pollara-1.svg","width":1,"height":1,"caption":"Pollara Strategic Insights"},"image":{"@id":"https:\/\/www.pollara.com\/fr-ca\/#\/schema\/logo\/image\/"},"sameAs":["https:\/\/www.facebook.com\/PollaraStrategicInsights\/","https:\/\/x.com\/Pollara","https:\/\/www.instagram.com\/pollarastrategicinsights\/","https:\/\/www.linkedin.com\/company\/pollarastrategicinsights\/"]},{"@type":"Person","@id":"https:\/\/www.pollara.com\/fr-ca\/#\/schema\/person\/d7352ebbb416d785149d1a802ca77180","name":"Pollara Webmaster","image":{"@type":"ImageObject","inLanguage":"fr-CA","@id":"https:\/\/www.pollara.com\/fr-ca\/#\/schema\/person\/image\/","url":"https:\/\/secure.gravatar.com\/avatar\/91e9c48d2d1e847ec803940d5e916de129db35ebfdb6cafc371110f815deddcf?s=96&d=mm&r=g","contentUrl":"https:\/\/secure.gravatar.com\/avatar\/91e9c48d2d1e847ec803940d5e916de129db35ebfdb6cafc371110f815deddcf?s=96&d=mm&r=g","caption":"Pollara Webmaster"}}]}},"jetpack_featured_media_url":"https:\/\/www.pollara.com\/wp-content\/uploads\/2023\/01\/Web-Squarish_EconomicOutlook2023jpg.jpg?wsr","jetpack_sharing_enabled":true,"_links":{"self":[{"href":"https:\/\/www.pollara.com\/fr-ca\/wp-json\/wp\/v2\/posts\/24130","targetHints":{"allow":["GET"]}}],"collection":[{"href":"https:\/\/www.pollara.com\/fr-ca\/wp-json\/wp\/v2\/posts"}],"about":[{"href":"https:\/\/www.pollara.com\/fr-ca\/wp-json\/wp\/v2\/types\/post"}],"author":[{"embeddable":true,"href":"https:\/\/www.pollara.com\/fr-ca\/wp-json\/wp\/v2\/users\/23"}],"replies":[{"embeddable":true,"href":"https:\/\/www.pollara.com\/fr-ca\/wp-json\/wp\/v2\/comments?post=24130"}],"version-history":[{"count":1,"href":"https:\/\/www.pollara.com\/fr-ca\/wp-json\/wp\/v2\/posts\/24130\/revisions"}],"predecessor-version":[{"id":24132,"href":"https:\/\/www.pollara.com\/fr-ca\/wp-json\/wp\/v2\/posts\/24130\/revisions\/24132"}],"wp:featuredmedia":[{"embeddable":true,"href":"https:\/\/www.pollara.com\/fr-ca\/wp-json\/wp\/v2\/media\/23722"}],"wp:attachment":[{"href":"https:\/\/www.pollara.com\/fr-ca\/wp-json\/wp\/v2\/media?parent=24130"}],"wp:term":[{"taxonomy":"category","embeddable":true,"href":"https:\/\/www.pollara.com\/fr-ca\/wp-json\/wp\/v2\/categories?post=24130"},{"taxonomy":"post_tag","embeddable":true,"href":"https:\/\/www.pollara.com\/fr-ca\/wp-json\/wp\/v2\/tags?post=24130"}],"curies":[{"name":"wp","href":"https:\/\/api.w.org\/{rel}","templated":true}]}}