{"id":24139,"date":"2022-09-29T07:08:34","date_gmt":"2022-09-29T11:08:34","guid":{"rendered":"https:\/\/www.pollara.com\/les-telecommunications-sont-en-tete-de-liste-des-entreprises-qui-mettent-les-canadiens-en-colere\/"},"modified":"2024-07-02T19:35:46","modified_gmt":"2024-07-02T23:35:46","slug":"les-telecommunications-sont-en-tete-de-liste-des-entreprises-qui-mettent-les-canadiens-en-colere","status":"publish","type":"post","link":"https:\/\/www.pollara.com\/fr-ca\/les-telecommunications-sont-en-tete-de-liste-des-entreprises-qui-mettent-les-canadiens-en-colere\/","title":{"rendered":"Les t\u00e9l\u00e9communications sont en t\u00eate de liste des entreprises qui mettent les Canadiens en col\u00e8re"},"content":{"rendered":"\n<p>Le 29 septembre 2022 \u2013 Le <a href=\"https:\/\/www.pollara.com\/wp-content\/uploads\/2022\/09\/Canadian_Telecom_Sentiment_Report_September-2022.pdf\">Rapport sur<\/a> le sentiment des t\u00e9l\u00e9communications canadiennes 2022 de Pollara montre qu\u2019une majorit\u00e9 (59 %) des Canadiens sont ennuy\u00e9s ou en col\u00e8re contre les entreprises de t\u00e9l\u00e9communications, se classant devant les compagnies d\u2019assurance (51 %), les compagnies a\u00e9riennes (45 %), les soci\u00e9t\u00e9s immobili\u00e8res (41 %), les banques (41 %) et les \u00e9piceries (40 %).<\/p>\n\n<p>Le prix est \u00e0 l\u2019origine d\u2019une grande partie de cette n\u00e9gativit\u00e9, car les deux tiers (66 %) des Canadiens affirment que leur facture de t\u00e9l\u00e9phone cellulaire serait \u00ab inabordable \u00bb si elle augmentait de 10 %. De plus, les factures de t\u00e9l\u00e9communications ne suivent que l\u2019\u00e9picerie et l\u2019essence comme les factures de co\u00fbt de la vie qui rendent les Canadiens les plus en col\u00e8re :<\/p>\n\n<figure class=\"wp-block-image size-large\"><a href=\"https:\/\/www.pollara.com\/wp-content\/uploads\/2022\/09\/TelecomGraph3_bigger-1024x945.jpg\"><img fetchpriority=\"high\" decoding=\"async\" width=\"1024\" height=\"945\" src=\"https:\/\/www.pollara.com\/wp-content\/uploads\/2022\/09\/TelecomGraph3_bigger-1024x945.jpg\" alt=\"\" class=\"wp-image-19397\" srcset=\"https:\/\/www.pollara.com\/wp-content\/uploads\/2022\/09\/TelecomGraph3_bigger-1024x945.jpg 1024w, https:\/\/www.pollara.com\/wp-content\/uploads\/2022\/09\/TelecomGraph3_bigger-300x277.jpg 300w, https:\/\/www.pollara.com\/wp-content\/uploads\/2022\/09\/TelecomGraph3_bigger-768x709.jpg 768w, https:\/\/www.pollara.com\/wp-content\/uploads\/2022\/09\/TelecomGraph3_bigger-1536x1417.jpg 1536w, https:\/\/www.pollara.com\/wp-content\/uploads\/2022\/09\/TelecomGraph3_bigger.jpg 1800w\" sizes=\"(max-width: 767px) 89vw, (max-width: 1000px) 54vw, (max-width: 1071px) 543px, 580px\" \/><\/a><\/figure>\n\n<p>Lorsqu\u2019on les interroge sur d\u2019autres irritants li\u00e9s aux t\u00e9l\u00e9communications, la majorit\u00e9 des Canadiens d\u00e9clarent \u00eatre ennuy\u00e9s ou en col\u00e8re contre les entreprises qui tentent de les vendre \u00e0 la hausse (63 %), les frais cach\u00e9s (59 %) et le verrouillage des t\u00e9l\u00e9phones sur les r\u00e9seaux (57 %). Pr\u00e8s de la moiti\u00e9 d\u2019entre eux sont \u00e9galement contrari\u00e9s par les frais pour d\u00e9passer leur limite de donn\u00e9es (49 %), leur facture mensuelle (48 %) et les frais d\u2019itin\u00e9rance (48 %).<\/p>\n\n<p>Ces conclusions proviennent du Rapport sur le sentiment des t\u00e9l\u00e9communications canadiennes 2022, men\u00e9 par Pollara pour le compte de <a href=\"https:\/\/www.globalive.com\/\">Globalive<\/a>. Le sondage a \u00e9t\u00e9 men\u00e9 en ligne entre le 2 et le 12 septembre 2022 aupr\u00e8s de 3 105 Canadiens de 18 ans et plus. Un \u00e9chantillon probabiliste de cette taille comporterait une marge d\u2019erreur de \u00b1 de 1,8 %, 19 fois sur 20.<\/p>\n\n<p>Pour un r\u00e9sum\u00e9 d\u00e9taill\u00e9 des r\u00e9sultats de cette enqu\u00eate, <a href=\"https:\/\/www.pollara.com\/wp-content\/uploads\/2022\/09\/Canadian_Telecom_Sentiment_Report_September-2022.pdf\">veuillez consulter notre rapport <\/a>. Pour les commentaires de Globalive sur l\u2019enqu\u00eate, vous pouvez lire leur <a href=\"https:\/\/www.newswire.ca\/news-releases\/amidst-unprecedented-airline-delays-and-ongoing-real-estate-worry-canadians-are-still-most-frustrated-with-telecom-874180090.html\">communiqu\u00e9 de presse<\/a>.<\/p>\n","protected":false},"excerpt":{"rendered":"<p>Le 29 septembre 2022 \u2013 Le Rapport sur le sentiment des t\u00e9l\u00e9communications canadiennes 2022 de Pollara montre qu\u2019une majorit\u00e9 (59 %) des Canadiens sont ennuy\u00e9s ou en col\u00e8re contre les entreprises de t\u00e9l\u00e9communications, se classant devant les compagnies d\u2019assurance (51 %), les compagnies a\u00e9riennes (45 %), les soci\u00e9t\u00e9s immobili\u00e8res (41 %), les banques (41 %) &hellip; <\/p>\n<p class=\"link-more\"><a href=\"https:\/\/www.pollara.com\/fr-ca\/les-telecommunications-sont-en-tete-de-liste-des-entreprises-qui-mettent-les-canadiens-en-colere\/\" class=\"more-link\">Continuer la lecture<span class=\"screen-reader-text\"> de &laquo; Les t\u00e9l\u00e9communications sont en t\u00eate de liste des entreprises qui mettent les Canadiens en col\u00e8re &raquo;<\/span><\/a><\/p>\n","protected":false},"author":23,"featured_media":23685,"comment_status":"open","ping_status":"open","sticky":false,"template":"","format":"standard","meta":{"_jetpack_memberships_contains_paid_content":false,"footnotes":""},"categories":[213,219],"tags":[],"class_list":["post-24139","post","type-post","status-publish","format-standard","has-post-thumbnail","hentry","category-dernieres-informations","category-toutes-les-publications"],"yoast_head":"<!-- This site is optimized with the Yoast SEO plugin v26.9 - https:\/\/yoast.com\/product\/yoast-seo-wordpress\/ -->\n<title>Les t\u00e9l\u00e9communications sont en t\u00eate de liste des entreprises qui mettent les Canadiens en col\u00e8re &#187; Pollara Strategic Insights<\/title>\n<meta name=\"robots\" content=\"index, follow, max-snippet:-1, max-image-preview:large, max-video-preview:-1\" \/>\n<link rel=\"canonical\" href=\"https:\/\/www.pollara.com\/fr-ca\/les-telecommunications-sont-en-tete-de-liste-des-entreprises-qui-mettent-les-canadiens-en-colere\/\" \/>\n<meta property=\"og:locale\" content=\"fr_CA\" \/>\n<meta property=\"og:type\" content=\"article\" \/>\n<meta property=\"og:title\" content=\"Les t\u00e9l\u00e9communications sont en t\u00eate de liste des entreprises qui mettent les Canadiens en col\u00e8re\" \/>\n<meta property=\"og:description\" content=\"Rapport sur le sentiment des t\u00e9l\u00e9communications canadiennes 2022, r\u00e9alis\u00e9 par Pollara pour le compte de Globalive\" \/>\n<meta property=\"og:url\" content=\"https:\/\/www.pollara.com\/fr-ca\/les-telecommunications-sont-en-tete-de-liste-des-entreprises-qui-mettent-les-canadiens-en-colere\/\" \/>\n<meta property=\"og:site_name\" content=\"Pollara Strategic Insights\" \/>\n<meta property=\"article:publisher\" content=\"https:\/\/www.facebook.com\/PollaraStrategicInsights\/\" \/>\n<meta property=\"article:published_time\" content=\"2022-09-29T11:08:34+00:00\" \/>\n<meta property=\"article:modified_time\" content=\"2024-07-02T23:35:46+00:00\" \/>\n<meta property=\"og:image\" content=\"https:\/\/www.pollara.com\/wp-content\/uploads\/2022\/09\/Squarish-PostGraphic_telecom.jpg\" \/>\n<meta name=\"author\" content=\"Pollara Webmaster\" \/>\n<meta name=\"twitter:card\" content=\"summary_large_image\" \/>\n<meta name=\"twitter:title\" content=\"Les t\u00e9l\u00e9communications sont en t\u00eate de liste des entreprises qui mettent les Canadiens en col\u00e8re\" \/>\n<meta name=\"twitter:description\" content=\"Rapport sur le sentiment des t\u00e9l\u00e9communications canadiennes 2022, r\u00e9alis\u00e9 par Pollara pour le compte de Globalive\" \/>\n<meta name=\"twitter:image\" content=\"https:\/\/www.pollara.com\/wp-content\/uploads\/2022\/09\/Squarish-PostGraphic_telecom.jpg\" \/>\n<meta name=\"twitter:creator\" content=\"@Pollara\" \/>\n<meta name=\"twitter:site\" content=\"@Pollara\" \/>\n<meta name=\"twitter:label1\" content=\"\u00c9crit par\" \/>\n\t<meta name=\"twitter:data1\" content=\"Pollara Webmaster\" \/>\n\t<meta name=\"twitter:label2\" content=\"Estimation du temps de lecture\" \/>\n\t<meta name=\"twitter:data2\" content=\"1 minute\" \/>\n<script type=\"application\/ld+json\" class=\"yoast-schema-graph\">{\"@context\":\"https:\/\/schema.org\",\"@graph\":[{\"@type\":\"Article\",\"@id\":\"https:\/\/www.pollara.com\/fr-ca\/les-telecommunications-sont-en-tete-de-liste-des-entreprises-qui-mettent-les-canadiens-en-colere\/#article\",\"isPartOf\":{\"@id\":\"https:\/\/www.pollara.com\/fr-ca\/les-telecommunications-sont-en-tete-de-liste-des-entreprises-qui-mettent-les-canadiens-en-colere\/\"},\"author\":{\"name\":\"Pollara Webmaster\",\"@id\":\"https:\/\/www.pollara.com\/fr-ca\/#\/schema\/person\/d7352ebbb416d785149d1a802ca77180\"},\"headline\":\"Les t\u00e9l\u00e9communications sont en t\u00eate de liste des entreprises qui mettent les Canadiens en col\u00e8re\",\"datePublished\":\"2022-09-29T11:08:34+00:00\",\"dateModified\":\"2024-07-02T23:35:46+00:00\",\"mainEntityOfPage\":{\"@id\":\"https:\/\/www.pollara.com\/fr-ca\/les-telecommunications-sont-en-tete-de-liste-des-entreprises-qui-mettent-les-canadiens-en-colere\/\"},\"wordCount\":316,\"commentCount\":0,\"publisher\":{\"@id\":\"https:\/\/www.pollara.com\/fr-ca\/#organization\"},\"image\":{\"@id\":\"https:\/\/www.pollara.com\/fr-ca\/les-telecommunications-sont-en-tete-de-liste-des-entreprises-qui-mettent-les-canadiens-en-colere\/#primaryimage\"},\"thumbnailUrl\":\"https:\/\/www.pollara.com\/wp-content\/uploads\/2022\/09\/Squarish-PostGraphic_telecom.jpg?wsr\",\"articleSection\":[\"Derni\u00e8res informations\",\"Toutes les publications\"],\"inLanguage\":\"fr-CA\",\"potentialAction\":[{\"@type\":\"CommentAction\",\"name\":\"Comment\",\"target\":[\"https:\/\/www.pollara.com\/fr-ca\/les-telecommunications-sont-en-tete-de-liste-des-entreprises-qui-mettent-les-canadiens-en-colere\/#respond\"]}]},{\"@type\":\"WebPage\",\"@id\":\"https:\/\/www.pollara.com\/fr-ca\/les-telecommunications-sont-en-tete-de-liste-des-entreprises-qui-mettent-les-canadiens-en-colere\/\",\"url\":\"https:\/\/www.pollara.com\/fr-ca\/les-telecommunications-sont-en-tete-de-liste-des-entreprises-qui-mettent-les-canadiens-en-colere\/\",\"name\":\"Les t\u00e9l\u00e9communications sont en t\u00eate de liste des entreprises qui mettent les Canadiens en col\u00e8re &#187; Pollara Strategic Insights\",\"isPartOf\":{\"@id\":\"https:\/\/www.pollara.com\/fr-ca\/#website\"},\"primaryImageOfPage\":{\"@id\":\"https:\/\/www.pollara.com\/fr-ca\/les-telecommunications-sont-en-tete-de-liste-des-entreprises-qui-mettent-les-canadiens-en-colere\/#primaryimage\"},\"image\":{\"@id\":\"https:\/\/www.pollara.com\/fr-ca\/les-telecommunications-sont-en-tete-de-liste-des-entreprises-qui-mettent-les-canadiens-en-colere\/#primaryimage\"},\"thumbnailUrl\":\"https:\/\/www.pollara.com\/wp-content\/uploads\/2022\/09\/Squarish-PostGraphic_telecom.jpg?wsr\",\"datePublished\":\"2022-09-29T11:08:34+00:00\",\"dateModified\":\"2024-07-02T23:35:46+00:00\",\"inLanguage\":\"fr-CA\",\"potentialAction\":[{\"@type\":\"ReadAction\",\"target\":[\"https:\/\/www.pollara.com\/fr-ca\/les-telecommunications-sont-en-tete-de-liste-des-entreprises-qui-mettent-les-canadiens-en-colere\/\"]}]},{\"@type\":\"ImageObject\",\"inLanguage\":\"fr-CA\",\"@id\":\"https:\/\/www.pollara.com\/fr-ca\/les-telecommunications-sont-en-tete-de-liste-des-entreprises-qui-mettent-les-canadiens-en-colere\/#primaryimage\",\"url\":\"https:\/\/www.pollara.com\/wp-content\/uploads\/2022\/09\/Squarish-PostGraphic_telecom.jpg?wsr\",\"contentUrl\":\"https:\/\/www.pollara.com\/wp-content\/uploads\/2022\/09\/Squarish-PostGraphic_telecom.jpg?wsr\",\"width\":723,\"height\":484},{\"@type\":\"WebSite\",\"@id\":\"https:\/\/www.pollara.com\/fr-ca\/#website\",\"url\":\"https:\/\/www.pollara.com\/fr-ca\/\",\"name\":\"Pollara Strategic Insights\",\"description\":\"Canada\u2019s most senior, experienced research project leaders\",\"publisher\":{\"@id\":\"https:\/\/www.pollara.com\/fr-ca\/#organization\"},\"potentialAction\":[{\"@type\":\"SearchAction\",\"target\":{\"@type\":\"EntryPoint\",\"urlTemplate\":\"https:\/\/www.pollara.com\/fr-ca\/?s={search_term_string}\"},\"query-input\":{\"@type\":\"PropertyValueSpecification\",\"valueRequired\":true,\"valueName\":\"search_term_string\"}}],\"inLanguage\":\"fr-CA\"},{\"@type\":\"Organization\",\"@id\":\"https:\/\/www.pollara.com\/fr-ca\/#organization\",\"name\":\"Pollara Strategic Insights\",\"url\":\"https:\/\/www.pollara.com\/fr-ca\/\",\"logo\":{\"@type\":\"ImageObject\",\"inLanguage\":\"fr-CA\",\"@id\":\"https:\/\/www.pollara.com\/fr-ca\/#\/schema\/logo\/image\/\",\"url\":\"https:\/\/www.pollara.com\/wp-content\/uploads\/2017\/12\/pollara-1.svg\",\"contentUrl\":\"https:\/\/www.pollara.com\/wp-content\/uploads\/2017\/12\/pollara-1.svg\",\"width\":1,\"height\":1,\"caption\":\"Pollara Strategic Insights\"},\"image\":{\"@id\":\"https:\/\/www.pollara.com\/fr-ca\/#\/schema\/logo\/image\/\"},\"sameAs\":[\"https:\/\/www.facebook.com\/PollaraStrategicInsights\/\",\"https:\/\/x.com\/Pollara\",\"https:\/\/www.instagram.com\/pollarastrategicinsights\/\",\"https:\/\/www.linkedin.com\/company\/pollarastrategicinsights\/\"]},{\"@type\":\"Person\",\"@id\":\"https:\/\/www.pollara.com\/fr-ca\/#\/schema\/person\/d7352ebbb416d785149d1a802ca77180\",\"name\":\"Pollara Webmaster\",\"image\":{\"@type\":\"ImageObject\",\"inLanguage\":\"fr-CA\",\"@id\":\"https:\/\/www.pollara.com\/fr-ca\/#\/schema\/person\/image\/\",\"url\":\"https:\/\/secure.gravatar.com\/avatar\/91e9c48d2d1e847ec803940d5e916de129db35ebfdb6cafc371110f815deddcf?s=96&d=mm&r=g\",\"contentUrl\":\"https:\/\/secure.gravatar.com\/avatar\/91e9c48d2d1e847ec803940d5e916de129db35ebfdb6cafc371110f815deddcf?s=96&d=mm&r=g\",\"caption\":\"Pollara Webmaster\"}}]}<\/script>\n<!-- \/ Yoast SEO plugin. -->","yoast_head_json":{"title":"Les t\u00e9l\u00e9communications sont en t\u00eate de liste des entreprises qui mettent les Canadiens en col\u00e8re &#187; Pollara Strategic Insights","robots":{"index":"index","follow":"follow","max-snippet":"max-snippet:-1","max-image-preview":"max-image-preview:large","max-video-preview":"max-video-preview:-1"},"canonical":"https:\/\/www.pollara.com\/fr-ca\/les-telecommunications-sont-en-tete-de-liste-des-entreprises-qui-mettent-les-canadiens-en-colere\/","og_locale":"fr_CA","og_type":"article","og_title":"Les t\u00e9l\u00e9communications sont en t\u00eate de liste des entreprises qui mettent les Canadiens en col\u00e8re","og_description":"Rapport sur le sentiment des t\u00e9l\u00e9communications canadiennes 2022, r\u00e9alis\u00e9 par Pollara pour le compte de Globalive","og_url":"https:\/\/www.pollara.com\/fr-ca\/les-telecommunications-sont-en-tete-de-liste-des-entreprises-qui-mettent-les-canadiens-en-colere\/","og_site_name":"Pollara Strategic Insights","article_publisher":"https:\/\/www.facebook.com\/PollaraStrategicInsights\/","article_published_time":"2022-09-29T11:08:34+00:00","article_modified_time":"2024-07-02T23:35:46+00:00","og_image":[{"url":"https:\/\/www.pollara.com\/wp-content\/uploads\/2022\/09\/Squarish-PostGraphic_telecom.jpg","type":"","width":"","height":""}],"author":"Pollara Webmaster","twitter_card":"summary_large_image","twitter_title":"Les t\u00e9l\u00e9communications sont en t\u00eate de liste des entreprises qui mettent les Canadiens en col\u00e8re","twitter_description":"Rapport sur le sentiment des t\u00e9l\u00e9communications canadiennes 2022, r\u00e9alis\u00e9 par Pollara pour le compte de Globalive","twitter_image":"https:\/\/www.pollara.com\/wp-content\/uploads\/2022\/09\/Squarish-PostGraphic_telecom.jpg","twitter_creator":"@Pollara","twitter_site":"@Pollara","twitter_misc":{"\u00c9crit par":"Pollara Webmaster","Estimation du temps de lecture":"1 minute"},"schema":{"@context":"https:\/\/schema.org","@graph":[{"@type":"Article","@id":"https:\/\/www.pollara.com\/fr-ca\/les-telecommunications-sont-en-tete-de-liste-des-entreprises-qui-mettent-les-canadiens-en-colere\/#article","isPartOf":{"@id":"https:\/\/www.pollara.com\/fr-ca\/les-telecommunications-sont-en-tete-de-liste-des-entreprises-qui-mettent-les-canadiens-en-colere\/"},"author":{"name":"Pollara Webmaster","@id":"https:\/\/www.pollara.com\/fr-ca\/#\/schema\/person\/d7352ebbb416d785149d1a802ca77180"},"headline":"Les t\u00e9l\u00e9communications sont en t\u00eate de liste des entreprises qui mettent les Canadiens en col\u00e8re","datePublished":"2022-09-29T11:08:34+00:00","dateModified":"2024-07-02T23:35:46+00:00","mainEntityOfPage":{"@id":"https:\/\/www.pollara.com\/fr-ca\/les-telecommunications-sont-en-tete-de-liste-des-entreprises-qui-mettent-les-canadiens-en-colere\/"},"wordCount":316,"commentCount":0,"publisher":{"@id":"https:\/\/www.pollara.com\/fr-ca\/#organization"},"image":{"@id":"https:\/\/www.pollara.com\/fr-ca\/les-telecommunications-sont-en-tete-de-liste-des-entreprises-qui-mettent-les-canadiens-en-colere\/#primaryimage"},"thumbnailUrl":"https:\/\/www.pollara.com\/wp-content\/uploads\/2022\/09\/Squarish-PostGraphic_telecom.jpg?wsr","articleSection":["Derni\u00e8res informations","Toutes les publications"],"inLanguage":"fr-CA","potentialAction":[{"@type":"CommentAction","name":"Comment","target":["https:\/\/www.pollara.com\/fr-ca\/les-telecommunications-sont-en-tete-de-liste-des-entreprises-qui-mettent-les-canadiens-en-colere\/#respond"]}]},{"@type":"WebPage","@id":"https:\/\/www.pollara.com\/fr-ca\/les-telecommunications-sont-en-tete-de-liste-des-entreprises-qui-mettent-les-canadiens-en-colere\/","url":"https:\/\/www.pollara.com\/fr-ca\/les-telecommunications-sont-en-tete-de-liste-des-entreprises-qui-mettent-les-canadiens-en-colere\/","name":"Les t\u00e9l\u00e9communications sont en t\u00eate de liste des entreprises qui mettent les Canadiens en col\u00e8re &#187; Pollara Strategic Insights","isPartOf":{"@id":"https:\/\/www.pollara.com\/fr-ca\/#website"},"primaryImageOfPage":{"@id":"https:\/\/www.pollara.com\/fr-ca\/les-telecommunications-sont-en-tete-de-liste-des-entreprises-qui-mettent-les-canadiens-en-colere\/#primaryimage"},"image":{"@id":"https:\/\/www.pollara.com\/fr-ca\/les-telecommunications-sont-en-tete-de-liste-des-entreprises-qui-mettent-les-canadiens-en-colere\/#primaryimage"},"thumbnailUrl":"https:\/\/www.pollara.com\/wp-content\/uploads\/2022\/09\/Squarish-PostGraphic_telecom.jpg?wsr","datePublished":"2022-09-29T11:08:34+00:00","dateModified":"2024-07-02T23:35:46+00:00","inLanguage":"fr-CA","potentialAction":[{"@type":"ReadAction","target":["https:\/\/www.pollara.com\/fr-ca\/les-telecommunications-sont-en-tete-de-liste-des-entreprises-qui-mettent-les-canadiens-en-colere\/"]}]},{"@type":"ImageObject","inLanguage":"fr-CA","@id":"https:\/\/www.pollara.com\/fr-ca\/les-telecommunications-sont-en-tete-de-liste-des-entreprises-qui-mettent-les-canadiens-en-colere\/#primaryimage","url":"https:\/\/www.pollara.com\/wp-content\/uploads\/2022\/09\/Squarish-PostGraphic_telecom.jpg?wsr","contentUrl":"https:\/\/www.pollara.com\/wp-content\/uploads\/2022\/09\/Squarish-PostGraphic_telecom.jpg?wsr","width":723,"height":484},{"@type":"WebSite","@id":"https:\/\/www.pollara.com\/fr-ca\/#website","url":"https:\/\/www.pollara.com\/fr-ca\/","name":"Pollara Strategic Insights","description":"Canada\u2019s most senior, experienced research project leaders","publisher":{"@id":"https:\/\/www.pollara.com\/fr-ca\/#organization"},"potentialAction":[{"@type":"SearchAction","target":{"@type":"EntryPoint","urlTemplate":"https:\/\/www.pollara.com\/fr-ca\/?s={search_term_string}"},"query-input":{"@type":"PropertyValueSpecification","valueRequired":true,"valueName":"search_term_string"}}],"inLanguage":"fr-CA"},{"@type":"Organization","@id":"https:\/\/www.pollara.com\/fr-ca\/#organization","name":"Pollara Strategic Insights","url":"https:\/\/www.pollara.com\/fr-ca\/","logo":{"@type":"ImageObject","inLanguage":"fr-CA","@id":"https:\/\/www.pollara.com\/fr-ca\/#\/schema\/logo\/image\/","url":"https:\/\/www.pollara.com\/wp-content\/uploads\/2017\/12\/pollara-1.svg","contentUrl":"https:\/\/www.pollara.com\/wp-content\/uploads\/2017\/12\/pollara-1.svg","width":1,"height":1,"caption":"Pollara Strategic Insights"},"image":{"@id":"https:\/\/www.pollara.com\/fr-ca\/#\/schema\/logo\/image\/"},"sameAs":["https:\/\/www.facebook.com\/PollaraStrategicInsights\/","https:\/\/x.com\/Pollara","https:\/\/www.instagram.com\/pollarastrategicinsights\/","https:\/\/www.linkedin.com\/company\/pollarastrategicinsights\/"]},{"@type":"Person","@id":"https:\/\/www.pollara.com\/fr-ca\/#\/schema\/person\/d7352ebbb416d785149d1a802ca77180","name":"Pollara Webmaster","image":{"@type":"ImageObject","inLanguage":"fr-CA","@id":"https:\/\/www.pollara.com\/fr-ca\/#\/schema\/person\/image\/","url":"https:\/\/secure.gravatar.com\/avatar\/91e9c48d2d1e847ec803940d5e916de129db35ebfdb6cafc371110f815deddcf?s=96&d=mm&r=g","contentUrl":"https:\/\/secure.gravatar.com\/avatar\/91e9c48d2d1e847ec803940d5e916de129db35ebfdb6cafc371110f815deddcf?s=96&d=mm&r=g","caption":"Pollara Webmaster"}}]}},"jetpack_featured_media_url":"https:\/\/www.pollara.com\/wp-content\/uploads\/2022\/09\/Squarish-PostGraphic_telecom.jpg?wsr","jetpack_sharing_enabled":true,"_links":{"self":[{"href":"https:\/\/www.pollara.com\/fr-ca\/wp-json\/wp\/v2\/posts\/24139","targetHints":{"allow":["GET"]}}],"collection":[{"href":"https:\/\/www.pollara.com\/fr-ca\/wp-json\/wp\/v2\/posts"}],"about":[{"href":"https:\/\/www.pollara.com\/fr-ca\/wp-json\/wp\/v2\/types\/post"}],"author":[{"embeddable":true,"href":"https:\/\/www.pollara.com\/fr-ca\/wp-json\/wp\/v2\/users\/23"}],"replies":[{"embeddable":true,"href":"https:\/\/www.pollara.com\/fr-ca\/wp-json\/wp\/v2\/comments?post=24139"}],"version-history":[{"count":1,"href":"https:\/\/www.pollara.com\/fr-ca\/wp-json\/wp\/v2\/posts\/24139\/revisions"}],"predecessor-version":[{"id":24142,"href":"https:\/\/www.pollara.com\/fr-ca\/wp-json\/wp\/v2\/posts\/24139\/revisions\/24142"}],"wp:featuredmedia":[{"embeddable":true,"href":"https:\/\/www.pollara.com\/fr-ca\/wp-json\/wp\/v2\/media\/23685"}],"wp:attachment":[{"href":"https:\/\/www.pollara.com\/fr-ca\/wp-json\/wp\/v2\/media?parent=24139"}],"wp:term":[{"taxonomy":"category","embeddable":true,"href":"https:\/\/www.pollara.com\/fr-ca\/wp-json\/wp\/v2\/categories?post=24139"},{"taxonomy":"post_tag","embeddable":true,"href":"https:\/\/www.pollara.com\/fr-ca\/wp-json\/wp\/v2\/tags?post=24139"}],"curies":[{"name":"wp","href":"https:\/\/api.w.org\/{rel}","templated":true}]}}