{"id":24243,"date":"2020-05-20T17:48:14","date_gmt":"2020-05-20T21:48:14","guid":{"rendered":"https:\/\/www.pollara.com\/une-nouvelle-enquete-nationale-pour-recherche-en-sante-mentale-canada-revele-des-niveaux-croissants-danxiete-et-de-depression-en-raison-de-la-crise-de-la-covid-19\/"},"modified":"2024-07-02T19:36:23","modified_gmt":"2024-07-02T23:36:23","slug":"une-nouvelle-enquete-nationale-pour-recherche-en-sante-mentale-canada-revele-des-niveaux-croissants-danxiete-et-de-depression-en-raison-de-la-crise-de-la-covid-19","status":"publish","type":"post","link":"https:\/\/www.pollara.com\/fr-ca\/une-nouvelle-enquete-nationale-pour-recherche-en-sante-mentale-canada-revele-des-niveaux-croissants-danxiete-et-de-depression-en-raison-de-la-crise-de-la-covid-19\/","title":{"rendered":"Une nouvelle enqu\u00eate nationale pour Recherche en sant\u00e9 mentale Canada r\u00e9v\u00e8le des niveaux croissants d\u2019anxi\u00e9t\u00e9 et de d\u00e9pression en raison de la crise de la COVID-19"},"content":{"rendered":"\n<p>Le 19 mai 2020 \u2013 <a href=\"https:\/\/www.mhrc.ca\/national-data-on-covid\">Recherche en sant\u00e9 mentale Canada<\/a> a r\u00e9cemment lanc\u00e9 son \u00e9tude d\u2019un an, \u00ab La sant\u00e9 mentale en crise : comment la COVID-19 a un impact sur les Canadiens \u00bb, avec son premier sondage national aupr\u00e8s de plus de 1 800 adultes canadiens. L\u2019objectif de ce programme de recherche \u2013 qui se poursuivra avec des sondages de suivi r\u00e9guliers \u2013 est de g\u00e9n\u00e9rer des donn\u00e9es solides qui aideront les d\u00e9cideurs, les gouvernements et les agents de prestation de services \u00e0 adapter les programmes pour r\u00e9pondre aux besoins des Canadiens pendant la crise actuelle.  <\/p>\n\n<p>Men\u00e9s pour le compte de MHRC par Pollara Strategic Insights, les r\u00e9sultats r\u00e9v\u00e8lent les perceptions du public de leur niveau d\u2019anxi\u00e9t\u00e9 et de d\u00e9pression avant et pendant la crise actuelle. L\u2019\u00e9tude identifie les facteurs li\u00e9s \u00e0 la sant\u00e9, \u00e0 l\u2019\u00e9conomie, \u00e0 l\u2019emploi et au mode de vie qui, selon les Canadiens, influent positivement et n\u00e9gativement sur leur sant\u00e9 mentale. Il tient \u00e9galement compte des augmentations d\u00e9clar\u00e9es de la consommation d\u2019alcool, de cannabis et de drogues ill\u00e9gales.  <\/p>\n\n<p>Voici quelques-unes des conclusions de l\u2019\u00e9tude :  <\/p>\n\n<ul class=\"wp-block-list\"><li>Les niveaux \u00e9lev\u00e9s d\u2019anxi\u00e9t\u00e9 ont quadrupl\u00e9 et les niveaux \u00e9lev\u00e9s de d\u00e9pression ont doubl\u00e9.<\/li><li>Les r\u00e9sidents du Canada atlantique et de l\u2019Ontario ont d\u00e9clar\u00e9 les plus fortes augmentations d\u2019anxi\u00e9t\u00e9 (+28 % et +27 %, respectivement), les Prairies ayant enregistr\u00e9 la plus faible augmentation (+20 %). De m\u00eame, les augmentations signal\u00e9es des niveaux de d\u00e9pression sont les plus \u00e9lev\u00e9es au Canada atlantique (+13 %) et en Ontario (+12 %)\u00a0; le Qu\u00e9bec ayant d\u00e9clar\u00e9 la plus faible hausse (+5 %).<\/li><li>Pr\u00e8s de la moiti\u00e9 des Canadiens ayant re\u00e7u un diagnostic de trouble anxieux (48 %) ou de d\u00e9pression (45 %) ressentent les effets positifs de la communication avec leurs amis et leur famille, mais ressentent \u00e9galement les effets n\u00e9gatifs de l\u2019auto-isolement (44 % des deux).<\/li><li>57 % des Canadiens ayant re\u00e7u un diagnostic de trouble anxieux ou de d\u00e9pression ont eu acc\u00e8s \u00e0 des services de soutien en sant\u00e9 mentale avant l\u2019\u00e9closion. De ce nombre, 45 % ont actuellement acc\u00e8s \u00e0 des mesures de soutien en sant\u00e9 mentale.<\/li><li>57 % des Canadiens r\u00e9cemment sans emploi d\u00e9clarent que leur sant\u00e9 mentale a \u00e9t\u00e9 affect\u00e9e n\u00e9gativement par la perte d\u2019emploi.<\/li><li>Les Canadiens avec enfants sont beaucoup plus susceptibles de d\u00e9clarer que les interactions avec les membres de leur famille dans leur m\u00e9nage ont une incidence positive sur leur sant\u00e9 mentale (46 %) que ceux sans enfants (26 %).<\/li><li>Les Canadiens signalent une augmentation de la consommation d\u2019alcool et de cannabis depuis l\u2019\u00e9closion, mais estiment que l\u2019impact sur leur sant\u00e9 mentale est relativement neutre \u00e0 ce stade.<\/li><li>Les Canadiens ayant des enfants de moins de 18 ans sont plus susceptibles d\u2019augmenter leur consommation d\u2019alcool (36 %) et de drogues ill\u00e9gales (25 %) depuis l\u2019\u00e9closion que ceux qui n\u2019en ont pas (25 % et 13 %, respectivement). L\u2019augmentation de la consommation de cannabis est \u00e0 peu pr\u00e8s la m\u00eame dans les deux cohortes : celles qui ont des enfants (31 %)\u00a0; ceux qui n\u2019en ont pas (29 %).<\/li><\/ul>\n\n<p>T\u00e9l\u00e9chargez et lisez le rapport complet de cette enqu\u00eate compl\u00e8te sur le <a href=\"https:\/\/www.mhrc.ca\/national-data-on-covid\">site Web<\/a> de la COMMISSION.  <\/p>\n","protected":false},"excerpt":{"rendered":"<p>Le 19 mai 2020 \u2013 Recherche en sant\u00e9 mentale Canada a r\u00e9cemment lanc\u00e9 son \u00e9tude d\u2019un an, \u00ab La sant\u00e9 mentale en crise : comment la COVID-19 a un impact sur les Canadiens \u00bb, avec son premier sondage national aupr\u00e8s de plus de 1 800 adultes canadiens. L\u2019objectif de ce programme de recherche \u2013 qui &hellip; <\/p>\n<p class=\"link-more\"><a href=\"https:\/\/www.pollara.com\/fr-ca\/une-nouvelle-enquete-nationale-pour-recherche-en-sante-mentale-canada-revele-des-niveaux-croissants-danxiete-et-de-depression-en-raison-de-la-crise-de-la-covid-19\/\" class=\"more-link\">Continuer la lecture<span class=\"screen-reader-text\"> de &laquo; Une nouvelle enqu\u00eate nationale pour Recherche en sant\u00e9 mentale Canada r\u00e9v\u00e8le des niveaux croissants d\u2019anxi\u00e9t\u00e9 et de d\u00e9pression en raison de la crise de la COVID-19 &raquo;<\/span><\/a><\/p>\n","protected":false},"author":23,"featured_media":23447,"comment_status":"open","ping_status":"open","sticky":false,"template":"","format":"standard","meta":{"_jetpack_memberships_contains_paid_content":false,"footnotes":""},"categories":[213],"tags":[],"class_list":["post-24243","post","type-post","status-publish","format-standard","has-post-thumbnail","hentry","category-dernieres-informations"],"yoast_head":"<!-- This site is optimized with the Yoast SEO plugin v26.9 - https:\/\/yoast.com\/product\/yoast-seo-wordpress\/ -->\n<title>Une nouvelle enqu\u00eate nationale pour Recherche en sant\u00e9 mentale Canada r\u00e9v\u00e8le des niveaux croissants d\u2019anxi\u00e9t\u00e9 et de d\u00e9pression en raison de la crise de la COVID-19 &#187; Pollara Strategic Insights<\/title>\n<meta name=\"robots\" content=\"index, follow, max-snippet:-1, max-image-preview:large, max-video-preview:-1\" \/>\n<link rel=\"canonical\" href=\"https:\/\/www.pollara.com\/fr-ca\/une-nouvelle-enquete-nationale-pour-recherche-en-sante-mentale-canada-revele-des-niveaux-croissants-danxiete-et-de-depression-en-raison-de-la-crise-de-la-covid-19\/\" \/>\n<meta property=\"og:locale\" content=\"fr_CA\" \/>\n<meta property=\"og:type\" content=\"article\" \/>\n<meta property=\"og:title\" content=\"Une nouvelle enqu\u00eate nationale pour Recherche en sant\u00e9 mentale Canada r\u00e9v\u00e8le des niveaux croissants d\u2019anxi\u00e9t\u00e9 et de d\u00e9pression en raison de la crise de la COVID-19 &#187; Pollara Strategic Insights\" \/>\n<meta property=\"og:description\" content=\"Le 19 mai 2020 \u2013 Recherche en sant\u00e9 mentale Canada a r\u00e9cemment lanc\u00e9 son \u00e9tude d\u2019un an, \u00ab La sant\u00e9 mentale en crise : comment la COVID-19 a un impact sur les Canadiens \u00bb, avec son premier sondage national aupr\u00e8s de plus de 1 800 adultes canadiens. L\u2019objectif de ce programme de recherche \u2013 qui &hellip; Continuer la lecture de &laquo; Une nouvelle enqu\u00eate nationale pour Recherche en sant\u00e9 mentale Canada r\u00e9v\u00e8le des niveaux croissants d\u2019anxi\u00e9t\u00e9 et de d\u00e9pression en raison de la crise de la COVID-19 &raquo;\" \/>\n<meta property=\"og:url\" content=\"https:\/\/www.pollara.com\/fr-ca\/une-nouvelle-enquete-nationale-pour-recherche-en-sante-mentale-canada-revele-des-niveaux-croissants-danxiete-et-de-depression-en-raison-de-la-crise-de-la-covid-19\/\" \/>\n<meta property=\"og:site_name\" content=\"Pollara Strategic Insights\" \/>\n<meta property=\"article:publisher\" content=\"https:\/\/www.facebook.com\/PollaraStrategicInsights\/\" \/>\n<meta property=\"article:published_time\" content=\"2020-05-20T21:48:14+00:00\" \/>\n<meta property=\"article:modified_time\" content=\"2024-07-02T23:36:23+00:00\" \/>\n<meta property=\"og:image\" content=\"https:\/\/www.pollara.com\/wp-content\/uploads\/2020\/05\/Web-Squarish-Blog-imageMentalHealth-wide.jpg\" \/>\n\t<meta property=\"og:image:width\" content=\"723\" \/>\n\t<meta property=\"og:image:height\" content=\"484\" \/>\n\t<meta property=\"og:image:type\" content=\"image\/jpeg\" \/>\n<meta name=\"author\" content=\"Pollara Webmaster\" \/>\n<meta name=\"twitter:card\" content=\"summary_large_image\" \/>\n<meta name=\"twitter:creator\" content=\"@Pollara\" \/>\n<meta name=\"twitter:site\" content=\"@Pollara\" \/>\n<meta name=\"twitter:label1\" content=\"\u00c9crit par\" \/>\n\t<meta name=\"twitter:data1\" content=\"Pollara Webmaster\" \/>\n\t<meta name=\"twitter:label2\" content=\"Estimation du temps de lecture\" \/>\n\t<meta name=\"twitter:data2\" content=\"3 minutes\" \/>\n<script type=\"application\/ld+json\" class=\"yoast-schema-graph\">{\"@context\":\"https:\/\/schema.org\",\"@graph\":[{\"@type\":\"Article\",\"@id\":\"https:\/\/www.pollara.com\/fr-ca\/une-nouvelle-enquete-nationale-pour-recherche-en-sante-mentale-canada-revele-des-niveaux-croissants-danxiete-et-de-depression-en-raison-de-la-crise-de-la-covid-19\/#article\",\"isPartOf\":{\"@id\":\"https:\/\/www.pollara.com\/fr-ca\/une-nouvelle-enquete-nationale-pour-recherche-en-sante-mentale-canada-revele-des-niveaux-croissants-danxiete-et-de-depression-en-raison-de-la-crise-de-la-covid-19\/\"},\"author\":{\"name\":\"Pollara Webmaster\",\"@id\":\"https:\/\/www.pollara.com\/fr-ca\/#\/schema\/person\/d7352ebbb416d785149d1a802ca77180\"},\"headline\":\"Une nouvelle enqu\u00eate nationale pour Recherche en sant\u00e9 mentale Canada r\u00e9v\u00e8le des niveaux croissants d\u2019anxi\u00e9t\u00e9 et de d\u00e9pression en raison de la crise de la COVID-19\",\"datePublished\":\"2020-05-20T21:48:14+00:00\",\"dateModified\":\"2024-07-02T23:36:23+00:00\",\"mainEntityOfPage\":{\"@id\":\"https:\/\/www.pollara.com\/fr-ca\/une-nouvelle-enquete-nationale-pour-recherche-en-sante-mentale-canada-revele-des-niveaux-croissants-danxiete-et-de-depression-en-raison-de-la-crise-de-la-covid-19\/\"},\"wordCount\":566,\"commentCount\":0,\"publisher\":{\"@id\":\"https:\/\/www.pollara.com\/fr-ca\/#organization\"},\"image\":{\"@id\":\"https:\/\/www.pollara.com\/fr-ca\/une-nouvelle-enquete-nationale-pour-recherche-en-sante-mentale-canada-revele-des-niveaux-croissants-danxiete-et-de-depression-en-raison-de-la-crise-de-la-covid-19\/#primaryimage\"},\"thumbnailUrl\":\"https:\/\/www.pollara.com\/wp-content\/uploads\/2020\/05\/Web-Squarish-Blog-imageMentalHealth-wide.jpg?wsr\",\"articleSection\":[\"Derni\u00e8res informations\"],\"inLanguage\":\"fr-CA\",\"potentialAction\":[{\"@type\":\"CommentAction\",\"name\":\"Comment\",\"target\":[\"https:\/\/www.pollara.com\/fr-ca\/une-nouvelle-enquete-nationale-pour-recherche-en-sante-mentale-canada-revele-des-niveaux-croissants-danxiete-et-de-depression-en-raison-de-la-crise-de-la-covid-19\/#respond\"]}]},{\"@type\":\"WebPage\",\"@id\":\"https:\/\/www.pollara.com\/fr-ca\/une-nouvelle-enquete-nationale-pour-recherche-en-sante-mentale-canada-revele-des-niveaux-croissants-danxiete-et-de-depression-en-raison-de-la-crise-de-la-covid-19\/\",\"url\":\"https:\/\/www.pollara.com\/fr-ca\/une-nouvelle-enquete-nationale-pour-recherche-en-sante-mentale-canada-revele-des-niveaux-croissants-danxiete-et-de-depression-en-raison-de-la-crise-de-la-covid-19\/\",\"name\":\"Une nouvelle enqu\u00eate nationale pour Recherche en sant\u00e9 mentale Canada r\u00e9v\u00e8le des niveaux croissants d\u2019anxi\u00e9t\u00e9 et de d\u00e9pression en raison de la crise de la COVID-19 &#187; Pollara Strategic Insights\",\"isPartOf\":{\"@id\":\"https:\/\/www.pollara.com\/fr-ca\/#website\"},\"primaryImageOfPage\":{\"@id\":\"https:\/\/www.pollara.com\/fr-ca\/une-nouvelle-enquete-nationale-pour-recherche-en-sante-mentale-canada-revele-des-niveaux-croissants-danxiete-et-de-depression-en-raison-de-la-crise-de-la-covid-19\/#primaryimage\"},\"image\":{\"@id\":\"https:\/\/www.pollara.com\/fr-ca\/une-nouvelle-enquete-nationale-pour-recherche-en-sante-mentale-canada-revele-des-niveaux-croissants-danxiete-et-de-depression-en-raison-de-la-crise-de-la-covid-19\/#primaryimage\"},\"thumbnailUrl\":\"https:\/\/www.pollara.com\/wp-content\/uploads\/2020\/05\/Web-Squarish-Blog-imageMentalHealth-wide.jpg?wsr\",\"datePublished\":\"2020-05-20T21:48:14+00:00\",\"dateModified\":\"2024-07-02T23:36:23+00:00\",\"inLanguage\":\"fr-CA\",\"potentialAction\":[{\"@type\":\"ReadAction\",\"target\":[\"https:\/\/www.pollara.com\/fr-ca\/une-nouvelle-enquete-nationale-pour-recherche-en-sante-mentale-canada-revele-des-niveaux-croissants-danxiete-et-de-depression-en-raison-de-la-crise-de-la-covid-19\/\"]}]},{\"@type\":\"ImageObject\",\"inLanguage\":\"fr-CA\",\"@id\":\"https:\/\/www.pollara.com\/fr-ca\/une-nouvelle-enquete-nationale-pour-recherche-en-sante-mentale-canada-revele-des-niveaux-croissants-danxiete-et-de-depression-en-raison-de-la-crise-de-la-covid-19\/#primaryimage\",\"url\":\"https:\/\/www.pollara.com\/wp-content\/uploads\/2020\/05\/Web-Squarish-Blog-imageMentalHealth-wide.jpg?wsr\",\"contentUrl\":\"https:\/\/www.pollara.com\/wp-content\/uploads\/2020\/05\/Web-Squarish-Blog-imageMentalHealth-wide.jpg?wsr\",\"width\":723,\"height\":484},{\"@type\":\"WebSite\",\"@id\":\"https:\/\/www.pollara.com\/fr-ca\/#website\",\"url\":\"https:\/\/www.pollara.com\/fr-ca\/\",\"name\":\"Pollara Strategic Insights\",\"description\":\"Canada\u2019s most senior, experienced research project leaders\",\"publisher\":{\"@id\":\"https:\/\/www.pollara.com\/fr-ca\/#organization\"},\"potentialAction\":[{\"@type\":\"SearchAction\",\"target\":{\"@type\":\"EntryPoint\",\"urlTemplate\":\"https:\/\/www.pollara.com\/fr-ca\/?s={search_term_string}\"},\"query-input\":{\"@type\":\"PropertyValueSpecification\",\"valueRequired\":true,\"valueName\":\"search_term_string\"}}],\"inLanguage\":\"fr-CA\"},{\"@type\":\"Organization\",\"@id\":\"https:\/\/www.pollara.com\/fr-ca\/#organization\",\"name\":\"Pollara Strategic Insights\",\"url\":\"https:\/\/www.pollara.com\/fr-ca\/\",\"logo\":{\"@type\":\"ImageObject\",\"inLanguage\":\"fr-CA\",\"@id\":\"https:\/\/www.pollara.com\/fr-ca\/#\/schema\/logo\/image\/\",\"url\":\"https:\/\/www.pollara.com\/wp-content\/uploads\/2017\/12\/pollara-1.svg\",\"contentUrl\":\"https:\/\/www.pollara.com\/wp-content\/uploads\/2017\/12\/pollara-1.svg\",\"width\":1,\"height\":1,\"caption\":\"Pollara Strategic Insights\"},\"image\":{\"@id\":\"https:\/\/www.pollara.com\/fr-ca\/#\/schema\/logo\/image\/\"},\"sameAs\":[\"https:\/\/www.facebook.com\/PollaraStrategicInsights\/\",\"https:\/\/x.com\/Pollara\",\"https:\/\/www.instagram.com\/pollarastrategicinsights\/\",\"https:\/\/www.linkedin.com\/company\/pollarastrategicinsights\/\"]},{\"@type\":\"Person\",\"@id\":\"https:\/\/www.pollara.com\/fr-ca\/#\/schema\/person\/d7352ebbb416d785149d1a802ca77180\",\"name\":\"Pollara Webmaster\",\"image\":{\"@type\":\"ImageObject\",\"inLanguage\":\"fr-CA\",\"@id\":\"https:\/\/www.pollara.com\/fr-ca\/#\/schema\/person\/image\/\",\"url\":\"https:\/\/secure.gravatar.com\/avatar\/91e9c48d2d1e847ec803940d5e916de129db35ebfdb6cafc371110f815deddcf?s=96&d=mm&r=g\",\"contentUrl\":\"https:\/\/secure.gravatar.com\/avatar\/91e9c48d2d1e847ec803940d5e916de129db35ebfdb6cafc371110f815deddcf?s=96&d=mm&r=g\",\"caption\":\"Pollara Webmaster\"}}]}<\/script>\n<!-- \/ Yoast SEO plugin. -->","yoast_head_json":{"title":"Une nouvelle enqu\u00eate nationale pour Recherche en sant\u00e9 mentale Canada r\u00e9v\u00e8le des niveaux croissants d\u2019anxi\u00e9t\u00e9 et de d\u00e9pression en raison de la crise de la COVID-19 &#187; Pollara Strategic Insights","robots":{"index":"index","follow":"follow","max-snippet":"max-snippet:-1","max-image-preview":"max-image-preview:large","max-video-preview":"max-video-preview:-1"},"canonical":"https:\/\/www.pollara.com\/fr-ca\/une-nouvelle-enquete-nationale-pour-recherche-en-sante-mentale-canada-revele-des-niveaux-croissants-danxiete-et-de-depression-en-raison-de-la-crise-de-la-covid-19\/","og_locale":"fr_CA","og_type":"article","og_title":"Une nouvelle enqu\u00eate nationale pour Recherche en sant\u00e9 mentale Canada r\u00e9v\u00e8le des niveaux croissants d\u2019anxi\u00e9t\u00e9 et de d\u00e9pression en raison de la crise de la COVID-19 &#187; Pollara Strategic Insights","og_description":"Le 19 mai 2020 \u2013 Recherche en sant\u00e9 mentale Canada a r\u00e9cemment lanc\u00e9 son \u00e9tude d\u2019un an, \u00ab La sant\u00e9 mentale en crise : comment la COVID-19 a un impact sur les Canadiens \u00bb, avec son premier sondage national aupr\u00e8s de plus de 1 800 adultes canadiens. L\u2019objectif de ce programme de recherche \u2013 qui &hellip; Continuer la lecture de &laquo; Une nouvelle enqu\u00eate nationale pour Recherche en sant\u00e9 mentale Canada r\u00e9v\u00e8le des niveaux croissants d\u2019anxi\u00e9t\u00e9 et de d\u00e9pression en raison de la crise de la COVID-19 &raquo;","og_url":"https:\/\/www.pollara.com\/fr-ca\/une-nouvelle-enquete-nationale-pour-recherche-en-sante-mentale-canada-revele-des-niveaux-croissants-danxiete-et-de-depression-en-raison-de-la-crise-de-la-covid-19\/","og_site_name":"Pollara Strategic Insights","article_publisher":"https:\/\/www.facebook.com\/PollaraStrategicInsights\/","article_published_time":"2020-05-20T21:48:14+00:00","article_modified_time":"2024-07-02T23:36:23+00:00","og_image":[{"width":723,"height":484,"url":"https:\/\/www.pollara.com\/wp-content\/uploads\/2020\/05\/Web-Squarish-Blog-imageMentalHealth-wide.jpg","type":"image\/jpeg"}],"author":"Pollara Webmaster","twitter_card":"summary_large_image","twitter_creator":"@Pollara","twitter_site":"@Pollara","twitter_misc":{"\u00c9crit par":"Pollara Webmaster","Estimation du temps de lecture":"3 minutes"},"schema":{"@context":"https:\/\/schema.org","@graph":[{"@type":"Article","@id":"https:\/\/www.pollara.com\/fr-ca\/une-nouvelle-enquete-nationale-pour-recherche-en-sante-mentale-canada-revele-des-niveaux-croissants-danxiete-et-de-depression-en-raison-de-la-crise-de-la-covid-19\/#article","isPartOf":{"@id":"https:\/\/www.pollara.com\/fr-ca\/une-nouvelle-enquete-nationale-pour-recherche-en-sante-mentale-canada-revele-des-niveaux-croissants-danxiete-et-de-depression-en-raison-de-la-crise-de-la-covid-19\/"},"author":{"name":"Pollara Webmaster","@id":"https:\/\/www.pollara.com\/fr-ca\/#\/schema\/person\/d7352ebbb416d785149d1a802ca77180"},"headline":"Une nouvelle enqu\u00eate nationale pour Recherche en sant\u00e9 mentale Canada r\u00e9v\u00e8le des niveaux croissants d\u2019anxi\u00e9t\u00e9 et de d\u00e9pression en raison de la crise de la COVID-19","datePublished":"2020-05-20T21:48:14+00:00","dateModified":"2024-07-02T23:36:23+00:00","mainEntityOfPage":{"@id":"https:\/\/www.pollara.com\/fr-ca\/une-nouvelle-enquete-nationale-pour-recherche-en-sante-mentale-canada-revele-des-niveaux-croissants-danxiete-et-de-depression-en-raison-de-la-crise-de-la-covid-19\/"},"wordCount":566,"commentCount":0,"publisher":{"@id":"https:\/\/www.pollara.com\/fr-ca\/#organization"},"image":{"@id":"https:\/\/www.pollara.com\/fr-ca\/une-nouvelle-enquete-nationale-pour-recherche-en-sante-mentale-canada-revele-des-niveaux-croissants-danxiete-et-de-depression-en-raison-de-la-crise-de-la-covid-19\/#primaryimage"},"thumbnailUrl":"https:\/\/www.pollara.com\/wp-content\/uploads\/2020\/05\/Web-Squarish-Blog-imageMentalHealth-wide.jpg?wsr","articleSection":["Derni\u00e8res informations"],"inLanguage":"fr-CA","potentialAction":[{"@type":"CommentAction","name":"Comment","target":["https:\/\/www.pollara.com\/fr-ca\/une-nouvelle-enquete-nationale-pour-recherche-en-sante-mentale-canada-revele-des-niveaux-croissants-danxiete-et-de-depression-en-raison-de-la-crise-de-la-covid-19\/#respond"]}]},{"@type":"WebPage","@id":"https:\/\/www.pollara.com\/fr-ca\/une-nouvelle-enquete-nationale-pour-recherche-en-sante-mentale-canada-revele-des-niveaux-croissants-danxiete-et-de-depression-en-raison-de-la-crise-de-la-covid-19\/","url":"https:\/\/www.pollara.com\/fr-ca\/une-nouvelle-enquete-nationale-pour-recherche-en-sante-mentale-canada-revele-des-niveaux-croissants-danxiete-et-de-depression-en-raison-de-la-crise-de-la-covid-19\/","name":"Une nouvelle enqu\u00eate nationale pour Recherche en sant\u00e9 mentale Canada r\u00e9v\u00e8le des niveaux croissants d\u2019anxi\u00e9t\u00e9 et de d\u00e9pression en raison de la crise de la COVID-19 &#187; Pollara Strategic Insights","isPartOf":{"@id":"https:\/\/www.pollara.com\/fr-ca\/#website"},"primaryImageOfPage":{"@id":"https:\/\/www.pollara.com\/fr-ca\/une-nouvelle-enquete-nationale-pour-recherche-en-sante-mentale-canada-revele-des-niveaux-croissants-danxiete-et-de-depression-en-raison-de-la-crise-de-la-covid-19\/#primaryimage"},"image":{"@id":"https:\/\/www.pollara.com\/fr-ca\/une-nouvelle-enquete-nationale-pour-recherche-en-sante-mentale-canada-revele-des-niveaux-croissants-danxiete-et-de-depression-en-raison-de-la-crise-de-la-covid-19\/#primaryimage"},"thumbnailUrl":"https:\/\/www.pollara.com\/wp-content\/uploads\/2020\/05\/Web-Squarish-Blog-imageMentalHealth-wide.jpg?wsr","datePublished":"2020-05-20T21:48:14+00:00","dateModified":"2024-07-02T23:36:23+00:00","inLanguage":"fr-CA","potentialAction":[{"@type":"ReadAction","target":["https:\/\/www.pollara.com\/fr-ca\/une-nouvelle-enquete-nationale-pour-recherche-en-sante-mentale-canada-revele-des-niveaux-croissants-danxiete-et-de-depression-en-raison-de-la-crise-de-la-covid-19\/"]}]},{"@type":"ImageObject","inLanguage":"fr-CA","@id":"https:\/\/www.pollara.com\/fr-ca\/une-nouvelle-enquete-nationale-pour-recherche-en-sante-mentale-canada-revele-des-niveaux-croissants-danxiete-et-de-depression-en-raison-de-la-crise-de-la-covid-19\/#primaryimage","url":"https:\/\/www.pollara.com\/wp-content\/uploads\/2020\/05\/Web-Squarish-Blog-imageMentalHealth-wide.jpg?wsr","contentUrl":"https:\/\/www.pollara.com\/wp-content\/uploads\/2020\/05\/Web-Squarish-Blog-imageMentalHealth-wide.jpg?wsr","width":723,"height":484},{"@type":"WebSite","@id":"https:\/\/www.pollara.com\/fr-ca\/#website","url":"https:\/\/www.pollara.com\/fr-ca\/","name":"Pollara Strategic Insights","description":"Canada\u2019s most senior, experienced research project leaders","publisher":{"@id":"https:\/\/www.pollara.com\/fr-ca\/#organization"},"potentialAction":[{"@type":"SearchAction","target":{"@type":"EntryPoint","urlTemplate":"https:\/\/www.pollara.com\/fr-ca\/?s={search_term_string}"},"query-input":{"@type":"PropertyValueSpecification","valueRequired":true,"valueName":"search_term_string"}}],"inLanguage":"fr-CA"},{"@type":"Organization","@id":"https:\/\/www.pollara.com\/fr-ca\/#organization","name":"Pollara Strategic Insights","url":"https:\/\/www.pollara.com\/fr-ca\/","logo":{"@type":"ImageObject","inLanguage":"fr-CA","@id":"https:\/\/www.pollara.com\/fr-ca\/#\/schema\/logo\/image\/","url":"https:\/\/www.pollara.com\/wp-content\/uploads\/2017\/12\/pollara-1.svg","contentUrl":"https:\/\/www.pollara.com\/wp-content\/uploads\/2017\/12\/pollara-1.svg","width":1,"height":1,"caption":"Pollara Strategic Insights"},"image":{"@id":"https:\/\/www.pollara.com\/fr-ca\/#\/schema\/logo\/image\/"},"sameAs":["https:\/\/www.facebook.com\/PollaraStrategicInsights\/","https:\/\/x.com\/Pollara","https:\/\/www.instagram.com\/pollarastrategicinsights\/","https:\/\/www.linkedin.com\/company\/pollarastrategicinsights\/"]},{"@type":"Person","@id":"https:\/\/www.pollara.com\/fr-ca\/#\/schema\/person\/d7352ebbb416d785149d1a802ca77180","name":"Pollara Webmaster","image":{"@type":"ImageObject","inLanguage":"fr-CA","@id":"https:\/\/www.pollara.com\/fr-ca\/#\/schema\/person\/image\/","url":"https:\/\/secure.gravatar.com\/avatar\/91e9c48d2d1e847ec803940d5e916de129db35ebfdb6cafc371110f815deddcf?s=96&d=mm&r=g","contentUrl":"https:\/\/secure.gravatar.com\/avatar\/91e9c48d2d1e847ec803940d5e916de129db35ebfdb6cafc371110f815deddcf?s=96&d=mm&r=g","caption":"Pollara Webmaster"}}]}},"jetpack_featured_media_url":"https:\/\/www.pollara.com\/wp-content\/uploads\/2020\/05\/Web-Squarish-Blog-imageMentalHealth-wide.jpg?wsr","jetpack_sharing_enabled":true,"_links":{"self":[{"href":"https:\/\/www.pollara.com\/fr-ca\/wp-json\/wp\/v2\/posts\/24243","targetHints":{"allow":["GET"]}}],"collection":[{"href":"https:\/\/www.pollara.com\/fr-ca\/wp-json\/wp\/v2\/posts"}],"about":[{"href":"https:\/\/www.pollara.com\/fr-ca\/wp-json\/wp\/v2\/types\/post"}],"author":[{"embeddable":true,"href":"https:\/\/www.pollara.com\/fr-ca\/wp-json\/wp\/v2\/users\/23"}],"replies":[{"embeddable":true,"href":"https:\/\/www.pollara.com\/fr-ca\/wp-json\/wp\/v2\/comments?post=24243"}],"version-history":[{"count":1,"href":"https:\/\/www.pollara.com\/fr-ca\/wp-json\/wp\/v2\/posts\/24243\/revisions"}],"predecessor-version":[{"id":24246,"href":"https:\/\/www.pollara.com\/fr-ca\/wp-json\/wp\/v2\/posts\/24243\/revisions\/24246"}],"wp:featuredmedia":[{"embeddable":true,"href":"https:\/\/www.pollara.com\/fr-ca\/wp-json\/wp\/v2\/media\/23447"}],"wp:attachment":[{"href":"https:\/\/www.pollara.com\/fr-ca\/wp-json\/wp\/v2\/media?parent=24243"}],"wp:term":[{"taxonomy":"category","embeddable":true,"href":"https:\/\/www.pollara.com\/fr-ca\/wp-json\/wp\/v2\/categories?post=24243"},{"taxonomy":"post_tag","embeddable":true,"href":"https:\/\/www.pollara.com\/fr-ca\/wp-json\/wp\/v2\/tags?post=24243"}],"curies":[{"name":"wp","href":"https:\/\/api.w.org\/{rel}","templated":true}]}}