{"id":26700,"date":"2025-05-14T11:28:51","date_gmt":"2025-05-14T15:28:51","guid":{"rendered":"https:\/\/www.pollara.com\/le-rapport-sur-limpact-de-pret-a-la-retraite-domers-souligne-limportance-dune-planification-holistique-de-la-retraite\/"},"modified":"2025-05-14T11:35:19","modified_gmt":"2025-05-14T15:35:19","slug":"le-rapport-sur-limpact-de-pret-a-la-retraite-domers-souligne-limportance-dune-planification-holistique-de-la-retraite","status":"publish","type":"post","link":"https:\/\/www.pollara.com\/fr-ca\/le-rapport-sur-limpact-de-pret-a-la-retraite-domers-souligne-limportance-dune-planification-holistique-de-la-retraite\/","title":{"rendered":"Le rapport sur l\u2019impact de Pr\u00eat \u00e0 la retraite d\u2019OMERS souligne l\u2019importance d\u2019une planification holistique de la retraite"},"content":{"rendered":"\n<p>Le 14 mai 2025 \u2013 OMERS, l\u2019un des plus importants r\u00e9gimes de retraite au Canada, a publi\u00e9 son rapport d\u2019impact Pr\u00eats \u00e0 la retraite, qui souligne l\u2019importance cruciale d\u2019une planification holistique de la retraite. Le rapport est fond\u00e9 sur un sondage novateur et complet aupr\u00e8s des Retrait\u00e9s et des Ontariens non retrait\u00e9s, qui a \u00e9t\u00e9 con\u00e7u, men\u00e9 et analys\u00e9 par Pollara Strategic Insights pour le compte d\u2019OMERS. L\u2019\u00e9tude va au-del\u00e0 de l\u2019accent g\u00e9n\u00e9ralement mis sur les besoins financiers qui domine le discours sur la retraite pour explorer \u00e9galement l\u2019importance de la sant\u00e9 physique, de la sant\u00e9 mentale et de la connectivit\u00e9 sociale dans une exp\u00e9rience de retraite florissante.  <\/p>\n\n<p>Du 24 juillet au 2 ao\u00fbt 2024, Pollara a men\u00e9 un sondage en ligne aupr\u00e8s d\u2019un \u00e9chantillon choisi au hasard de N = 1 516 Ontariens adultes qui \u00e9taient en emploi, retrait\u00e9s ou sans emploi, mais \u00e0 la recherche d\u2019un emploi. Dans cet \u00e9chantillon, n = 760 ont \u00e9t\u00e9 retir\u00e9s et n = 756 n\u2019ont pas \u00e9t\u00e9 retir\u00e9s. \u00c0 des fins de comparaison, un \u00e9chantillon probabiliste de ce plan comporterait une marge d\u2019erreur de +2,5%, 19 fois sur 20, tandis que les sous-\u00e9chantillons retir\u00e9s et non retir\u00e9s auraient chacun une marge d\u2019erreur de +3,6%, 19 fois sur 20. Un quota de sur\u00e9chantillonnage a \u00e9t\u00e9 appliqu\u00e9 \u00e0 la partie retrait\u00e9e de l\u2019\u00e9chantillon afin d\u2019assurer une analyse fiable et comparable des cohortes retrait\u00e9es et non retrait\u00e9es. L\u2019ensemble de donn\u00e9es a \u00e9t\u00e9 pond\u00e9r\u00e9 selon le sexe, l\u2019\u00e2ge, la r\u00e9gion et le statut d\u2019emploi ou de retraite selon les statistiques les plus r\u00e9centes du recensement afin de s\u2019assurer que l\u2019ensemble de donn\u00e9es refl\u00e8te fid\u00e8lement la population cible.    <\/p>\n\n<p>L\u2019\u00e9tude fournit des renseignements pr\u00e9cieux sur les diverses exp\u00e9riences et attentes des Ontariennes et des Ontariens \u00e0 l\u2019\u00e9gard de la retraite. Voici quelques-unes des principales constatations :  <\/p>\n\n<ul class=\"wp-block-list\">\n<li>Plus de 80% des retrait\u00e9s de l\u2019Ontario se disent satisfaits de leur retraite, <strong>mais beaucoup moins (60%) estiment avoir atteint leur retraite \u00ab id\u00e9ale \u00bb,<\/strong> caract\u00e9ris\u00e9e par le timing, la bonne sant\u00e9 et la s\u00e9curit\u00e9 financi\u00e8re. Alors que 45% des retrait\u00e9s sont tr\u00e8s heureux, 38% expriment un satisfait mod\u00e9r\u00e9 de leur retraite.   <\/li>\n\n\n\n<li>Bien que <strong>la pr\u00e9paration financi\u00e8re<\/strong> soit consid\u00e9r\u00e9e comme un pilier cl\u00e9 de la planification de la retraite, une majorit\u00e9 importante (71% retrait\u00e9s, 58% non retrait\u00e9s) croient que <strong>la planification de la retraite devrait \u00e9galement englober la sant\u00e9 physique, la sant\u00e9 mentale et les liens sociaux<\/strong>.<\/li>\n\n\n\n<li>Pr\u00e8s de 40% des retrait\u00e9s ayant <strong>un plan complet<\/strong> en mati\u00e8re de sant\u00e9, de connectivit\u00e9 et de finances d\u00e9clarent <strong>une meilleure satisfaction globale et une meilleure sant\u00e9<\/strong>, soulignant les avantages d\u2019une pr\u00e9paration approfondie.  <\/li>\n\n\n\n<li>Plus des trois quarts des retrait\u00e9s avaient envisag\u00e9 ou planifi\u00e9 leur retraite avant de quitter le march\u00e9 du travail, et ceux qui poss\u00e9daient un r\u00e9gime de retraite \u00e9taient beaucoup mieux pr\u00e9par\u00e9s. De nombreux retrait\u00e9s <strong>auraient aim\u00e9 se concentrer davantage sur la sant\u00e9 physique et la s\u00e9curit\u00e9 financi\u00e8re<\/strong> .   <\/li>\n\n\n\n<li>En ce qui concerne <strong>les diff\u00e9rences d\u00e9mographiques<\/strong>, les <strong>hommes<\/strong> non retrait\u00e9s sont plus proactifs que les femmes en mati\u00e8re de planification de la retraite, 44% des hommes ayant commenc\u00e9 \u00e0 planifier comparativement \u00e0 34% des femmes. Les <strong>femmes<\/strong> <strong>r\u00e9it\u00e9r\u00e9es<\/strong>et non retrait\u00e9es sont moins confiantes et moins pr\u00e9par\u00e9es \u00e0 la retraite, avec une pr\u00e9occupation accrue quant \u00e0 la s\u00e9curit\u00e9 financi\u00e8re. <strong>Les non-retrait\u00e9s de moins de 50 ans<\/strong> sont moins susceptibles d\u2019avoir commenc\u00e9 \u00e0 planifier et sont plus pr\u00e9occup\u00e9s par la stabilit\u00e9 financi\u00e8re que les cohortes plus \u00e2g\u00e9es. <\/li>\n<\/ul>\n\n<p>Le rapport sur l\u2019impact d\u2019OMERS Retraite Ready r\u00e9v\u00e8le que l\u2019atteinte d\u2019une retraite id\u00e9ale n\u00e9cessite une planification holistique dans tous les aspects de la vie, et pas seulement la pierre angulaire financi\u00e8re. \u00c9tant donn\u00e9 qu\u2019une partie importante des Ontariennes et des Ontariens n\u2019ont pas encore pleinement planifi\u00e9 leur retraite, il est \u00e9vident qu\u2019il est possible d\u2019accro\u00eetre l\u2019\u00e9ducation et de planifier de mani\u00e8re proactive pour assurer une retraite \u00e9panouissante et s\u00fbre. <\/p>\n\n<p>Pour obtenir de plus amples renseignements et acc\u00e9der au rapport complet, veuillez <a href=\"https:\/\/www.omers.com\/retire-ready\" target=\"_blank\" rel=\"noreferrer noopener\">consulter le site OMERS.com\/retire-ready<\/a>.  <\/p>\n","protected":false},"excerpt":{"rendered":"<p>Le 14 mai 2025 \u2013 OMERS, l\u2019un des plus importants r\u00e9gimes de retraite au Canada, a publi\u00e9 son rapport d\u2019impact Pr\u00eats \u00e0 la retraite, qui souligne l\u2019importance cruciale d\u2019une planification holistique de la retraite. Le rapport est fond\u00e9 sur un sondage novateur et complet aupr\u00e8s des Retrait\u00e9s et des Ontariens non retrait\u00e9s, qui a \u00e9t\u00e9 &hellip; <\/p>\n<p class=\"link-more\"><a href=\"https:\/\/www.pollara.com\/fr-ca\/le-rapport-sur-limpact-de-pret-a-la-retraite-domers-souligne-limportance-dune-planification-holistique-de-la-retraite\/\" class=\"more-link\">Continuer la lecture<span class=\"screen-reader-text\"> de &laquo; Le rapport sur l\u2019impact de Pr\u00eat \u00e0 la retraite d\u2019OMERS souligne l\u2019importance d\u2019une planification holistique de la retraite &raquo;<\/span><\/a><\/p>\n","protected":false},"author":23,"featured_media":26699,"comment_status":"open","ping_status":"open","sticky":false,"template":"","format":"standard","meta":{"_jetpack_memberships_contains_paid_content":false,"footnotes":""},"categories":[214],"tags":[],"class_list":["post-26700","post","type-post","status-publish","format-standard","has-post-thumbnail","hentry","category-non-classe"],"yoast_head":"<!-- This site is optimized with the Yoast SEO plugin v26.9 - https:\/\/yoast.com\/product\/yoast-seo-wordpress\/ -->\n<title>Le rapport sur l\u2019impact de Pr\u00eat \u00e0 la retraite d\u2019OMERS souligne l\u2019importance d\u2019une planification holistique de la retraite &#187; Pollara Strategic Insights<\/title>\n<meta name=\"robots\" content=\"index, follow, max-snippet:-1, max-image-preview:large, max-video-preview:-1\" \/>\n<link rel=\"canonical\" href=\"https:\/\/www.pollara.com\/fr-ca\/le-rapport-sur-limpact-de-pret-a-la-retraite-domers-souligne-limportance-dune-planification-holistique-de-la-retraite\/\" \/>\n<meta property=\"og:locale\" content=\"fr_CA\" \/>\n<meta property=\"og:type\" content=\"article\" \/>\n<meta property=\"og:title\" content=\"Le rapport sur l\u2019impact de Pr\u00eat \u00e0 la retraite d\u2019OMERS souligne l\u2019importance d\u2019une planification holistique de la retraite\" \/>\n<meta property=\"og:description\" content=\"OMERS, l\u2019un des plus importants r\u00e9gimes de retraite au Canada, a publi\u00e9 son rapport sur l\u2019impact Retraite en vient, qui souligne l\u2019importance cruciale d\u2019une planification holistique de la retraite.\" \/>\n<meta property=\"og:url\" content=\"https:\/\/www.pollara.com\/fr-ca\/le-rapport-sur-limpact-de-pret-a-la-retraite-domers-souligne-limportance-dune-planification-holistique-de-la-retraite\/\" \/>\n<meta property=\"og:site_name\" content=\"Pollara Strategic Insights\" \/>\n<meta property=\"article:publisher\" content=\"https:\/\/www.facebook.com\/PollaraStrategicInsights\/\" \/>\n<meta property=\"article:published_time\" content=\"2025-05-14T15:28:51+00:00\" \/>\n<meta property=\"article:modified_time\" content=\"2025-05-14T15:35:19+00:00\" \/>\n<meta property=\"og:image\" content=\"https:\/\/www.pollara.com\/wp-content\/uploads\/2025\/05\/Web-Squarish-C-OMERS_May2025-.jpg\" \/>\n<meta name=\"author\" content=\"Pollara Webmaster\" \/>\n<meta name=\"twitter:card\" content=\"summary_large_image\" \/>\n<meta name=\"twitter:title\" content=\"Le rapport sur l\u2019impact de Pr\u00eat \u00e0 la retraite d\u2019OMERS souligne l\u2019importance d\u2019une planification holistique de la retraite\" \/>\n<meta name=\"twitter:description\" content=\"OMERS, l\u2019un des plus importants r\u00e9gimes de retraite au Canada, a publi\u00e9 son rapport sur l\u2019impact Retraite en vient, qui souligne l\u2019importance cruciale d\u2019une planification holistique de la retraite.\" \/>\n<meta name=\"twitter:image\" content=\"https:\/\/www.pollara.com\/wp-content\/uploads\/2025\/05\/Web-Squarish-C-OMERS_May2025-.jpg\" \/>\n<meta name=\"twitter:creator\" content=\"@Pollara\" \/>\n<meta name=\"twitter:site\" content=\"@Pollara\" \/>\n<meta name=\"twitter:label1\" content=\"\u00c9crit par\" \/>\n\t<meta name=\"twitter:data1\" content=\"Pollara Webmaster\" \/>\n\t<meta name=\"twitter:label2\" content=\"Estimation du temps de lecture\" \/>\n\t<meta name=\"twitter:data2\" content=\"4 minutes\" \/>\n<script type=\"application\/ld+json\" class=\"yoast-schema-graph\">{\"@context\":\"https:\/\/schema.org\",\"@graph\":[{\"@type\":\"Article\",\"@id\":\"https:\/\/www.pollara.com\/fr-ca\/le-rapport-sur-limpact-de-pret-a-la-retraite-domers-souligne-limportance-dune-planification-holistique-de-la-retraite\/#article\",\"isPartOf\":{\"@id\":\"https:\/\/www.pollara.com\/fr-ca\/le-rapport-sur-limpact-de-pret-a-la-retraite-domers-souligne-limportance-dune-planification-holistique-de-la-retraite\/\"},\"author\":{\"name\":\"Pollara Webmaster\",\"@id\":\"https:\/\/www.pollara.com\/fr-ca\/#\/schema\/person\/d7352ebbb416d785149d1a802ca77180\"},\"headline\":\"Le rapport sur l\u2019impact de Pr\u00eat \u00e0 la retraite d\u2019OMERS souligne l\u2019importance d\u2019une planification holistique de la retraite\",\"datePublished\":\"2025-05-14T15:28:51+00:00\",\"dateModified\":\"2025-05-14T15:35:19+00:00\",\"mainEntityOfPage\":{\"@id\":\"https:\/\/www.pollara.com\/fr-ca\/le-rapport-sur-limpact-de-pret-a-la-retraite-domers-souligne-limportance-dune-planification-holistique-de-la-retraite\/\"},\"wordCount\":747,\"commentCount\":0,\"publisher\":{\"@id\":\"https:\/\/www.pollara.com\/fr-ca\/#organization\"},\"image\":{\"@id\":\"https:\/\/www.pollara.com\/fr-ca\/le-rapport-sur-limpact-de-pret-a-la-retraite-domers-souligne-limportance-dune-planification-holistique-de-la-retraite\/#primaryimage\"},\"thumbnailUrl\":\"https:\/\/www.pollara.com\/wp-content\/uploads\/2025\/05\/Web-Squarish-C-OMERS_May2025-.jpg?wsr\",\"inLanguage\":\"fr-CA\",\"potentialAction\":[{\"@type\":\"CommentAction\",\"name\":\"Comment\",\"target\":[\"https:\/\/www.pollara.com\/fr-ca\/le-rapport-sur-limpact-de-pret-a-la-retraite-domers-souligne-limportance-dune-planification-holistique-de-la-retraite\/#respond\"]}]},{\"@type\":\"WebPage\",\"@id\":\"https:\/\/www.pollara.com\/fr-ca\/le-rapport-sur-limpact-de-pret-a-la-retraite-domers-souligne-limportance-dune-planification-holistique-de-la-retraite\/\",\"url\":\"https:\/\/www.pollara.com\/fr-ca\/le-rapport-sur-limpact-de-pret-a-la-retraite-domers-souligne-limportance-dune-planification-holistique-de-la-retraite\/\",\"name\":\"Le rapport sur l\u2019impact de Pr\u00eat \u00e0 la retraite d\u2019OMERS souligne l\u2019importance d\u2019une planification holistique de la retraite &#187; Pollara Strategic Insights\",\"isPartOf\":{\"@id\":\"https:\/\/www.pollara.com\/fr-ca\/#website\"},\"primaryImageOfPage\":{\"@id\":\"https:\/\/www.pollara.com\/fr-ca\/le-rapport-sur-limpact-de-pret-a-la-retraite-domers-souligne-limportance-dune-planification-holistique-de-la-retraite\/#primaryimage\"},\"image\":{\"@id\":\"https:\/\/www.pollara.com\/fr-ca\/le-rapport-sur-limpact-de-pret-a-la-retraite-domers-souligne-limportance-dune-planification-holistique-de-la-retraite\/#primaryimage\"},\"thumbnailUrl\":\"https:\/\/www.pollara.com\/wp-content\/uploads\/2025\/05\/Web-Squarish-C-OMERS_May2025-.jpg?wsr\",\"datePublished\":\"2025-05-14T15:28:51+00:00\",\"dateModified\":\"2025-05-14T15:35:19+00:00\",\"inLanguage\":\"fr-CA\",\"potentialAction\":[{\"@type\":\"ReadAction\",\"target\":[\"https:\/\/www.pollara.com\/fr-ca\/le-rapport-sur-limpact-de-pret-a-la-retraite-domers-souligne-limportance-dune-planification-holistique-de-la-retraite\/\"]}]},{\"@type\":\"ImageObject\",\"inLanguage\":\"fr-CA\",\"@id\":\"https:\/\/www.pollara.com\/fr-ca\/le-rapport-sur-limpact-de-pret-a-la-retraite-domers-souligne-limportance-dune-planification-holistique-de-la-retraite\/#primaryimage\",\"url\":\"https:\/\/www.pollara.com\/wp-content\/uploads\/2025\/05\/Web-Squarish-C-OMERS_May2025-.jpg?wsr\",\"contentUrl\":\"https:\/\/www.pollara.com\/wp-content\/uploads\/2025\/05\/Web-Squarish-C-OMERS_May2025-.jpg?wsr\",\"width\":723,\"height\":484},{\"@type\":\"WebSite\",\"@id\":\"https:\/\/www.pollara.com\/fr-ca\/#website\",\"url\":\"https:\/\/www.pollara.com\/fr-ca\/\",\"name\":\"Pollara Strategic Insights\",\"description\":\"Canada\u2019s most senior, experienced research project leaders\",\"publisher\":{\"@id\":\"https:\/\/www.pollara.com\/fr-ca\/#organization\"},\"potentialAction\":[{\"@type\":\"SearchAction\",\"target\":{\"@type\":\"EntryPoint\",\"urlTemplate\":\"https:\/\/www.pollara.com\/fr-ca\/?s={search_term_string}\"},\"query-input\":{\"@type\":\"PropertyValueSpecification\",\"valueRequired\":true,\"valueName\":\"search_term_string\"}}],\"inLanguage\":\"fr-CA\"},{\"@type\":\"Organization\",\"@id\":\"https:\/\/www.pollara.com\/fr-ca\/#organization\",\"name\":\"Pollara Strategic Insights\",\"url\":\"https:\/\/www.pollara.com\/fr-ca\/\",\"logo\":{\"@type\":\"ImageObject\",\"inLanguage\":\"fr-CA\",\"@id\":\"https:\/\/www.pollara.com\/fr-ca\/#\/schema\/logo\/image\/\",\"url\":\"https:\/\/www.pollara.com\/wp-content\/uploads\/2017\/12\/pollara-1.svg\",\"contentUrl\":\"https:\/\/www.pollara.com\/wp-content\/uploads\/2017\/12\/pollara-1.svg\",\"width\":1,\"height\":1,\"caption\":\"Pollara Strategic Insights\"},\"image\":{\"@id\":\"https:\/\/www.pollara.com\/fr-ca\/#\/schema\/logo\/image\/\"},\"sameAs\":[\"https:\/\/www.facebook.com\/PollaraStrategicInsights\/\",\"https:\/\/x.com\/Pollara\",\"https:\/\/www.instagram.com\/pollarastrategicinsights\/\",\"https:\/\/www.linkedin.com\/company\/pollarastrategicinsights\/\"]},{\"@type\":\"Person\",\"@id\":\"https:\/\/www.pollara.com\/fr-ca\/#\/schema\/person\/d7352ebbb416d785149d1a802ca77180\",\"name\":\"Pollara Webmaster\",\"image\":{\"@type\":\"ImageObject\",\"inLanguage\":\"fr-CA\",\"@id\":\"https:\/\/www.pollara.com\/fr-ca\/#\/schema\/person\/image\/\",\"url\":\"https:\/\/secure.gravatar.com\/avatar\/91e9c48d2d1e847ec803940d5e916de129db35ebfdb6cafc371110f815deddcf?s=96&d=mm&r=g\",\"contentUrl\":\"https:\/\/secure.gravatar.com\/avatar\/91e9c48d2d1e847ec803940d5e916de129db35ebfdb6cafc371110f815deddcf?s=96&d=mm&r=g\",\"caption\":\"Pollara Webmaster\"}}]}<\/script>\n<!-- \/ Yoast SEO plugin. -->","yoast_head_json":{"title":"Le rapport sur l\u2019impact de Pr\u00eat \u00e0 la retraite d\u2019OMERS souligne l\u2019importance d\u2019une planification holistique de la retraite &#187; Pollara Strategic Insights","robots":{"index":"index","follow":"follow","max-snippet":"max-snippet:-1","max-image-preview":"max-image-preview:large","max-video-preview":"max-video-preview:-1"},"canonical":"https:\/\/www.pollara.com\/fr-ca\/le-rapport-sur-limpact-de-pret-a-la-retraite-domers-souligne-limportance-dune-planification-holistique-de-la-retraite\/","og_locale":"fr_CA","og_type":"article","og_title":"Le rapport sur l\u2019impact de Pr\u00eat \u00e0 la retraite d\u2019OMERS souligne l\u2019importance d\u2019une planification holistique de la retraite","og_description":"OMERS, l\u2019un des plus importants r\u00e9gimes de retraite au Canada, a publi\u00e9 son rapport sur l\u2019impact Retraite en vient, qui souligne l\u2019importance cruciale d\u2019une planification holistique de la retraite.","og_url":"https:\/\/www.pollara.com\/fr-ca\/le-rapport-sur-limpact-de-pret-a-la-retraite-domers-souligne-limportance-dune-planification-holistique-de-la-retraite\/","og_site_name":"Pollara Strategic Insights","article_publisher":"https:\/\/www.facebook.com\/PollaraStrategicInsights\/","article_published_time":"2025-05-14T15:28:51+00:00","article_modified_time":"2025-05-14T15:35:19+00:00","og_image":[{"url":"https:\/\/www.pollara.com\/wp-content\/uploads\/2025\/05\/Web-Squarish-C-OMERS_May2025-.jpg","type":"","width":"","height":""}],"author":"Pollara Webmaster","twitter_card":"summary_large_image","twitter_title":"Le rapport sur l\u2019impact de Pr\u00eat \u00e0 la retraite d\u2019OMERS souligne l\u2019importance d\u2019une planification holistique de la retraite","twitter_description":"OMERS, l\u2019un des plus importants r\u00e9gimes de retraite au Canada, a publi\u00e9 son rapport sur l\u2019impact Retraite en vient, qui souligne l\u2019importance cruciale d\u2019une planification holistique de la retraite.","twitter_image":"https:\/\/www.pollara.com\/wp-content\/uploads\/2025\/05\/Web-Squarish-C-OMERS_May2025-.jpg","twitter_creator":"@Pollara","twitter_site":"@Pollara","twitter_misc":{"\u00c9crit par":"Pollara Webmaster","Estimation du temps de lecture":"4 minutes"},"schema":{"@context":"https:\/\/schema.org","@graph":[{"@type":"Article","@id":"https:\/\/www.pollara.com\/fr-ca\/le-rapport-sur-limpact-de-pret-a-la-retraite-domers-souligne-limportance-dune-planification-holistique-de-la-retraite\/#article","isPartOf":{"@id":"https:\/\/www.pollara.com\/fr-ca\/le-rapport-sur-limpact-de-pret-a-la-retraite-domers-souligne-limportance-dune-planification-holistique-de-la-retraite\/"},"author":{"name":"Pollara Webmaster","@id":"https:\/\/www.pollara.com\/fr-ca\/#\/schema\/person\/d7352ebbb416d785149d1a802ca77180"},"headline":"Le rapport sur l\u2019impact de Pr\u00eat \u00e0 la retraite d\u2019OMERS souligne l\u2019importance d\u2019une planification holistique de la retraite","datePublished":"2025-05-14T15:28:51+00:00","dateModified":"2025-05-14T15:35:19+00:00","mainEntityOfPage":{"@id":"https:\/\/www.pollara.com\/fr-ca\/le-rapport-sur-limpact-de-pret-a-la-retraite-domers-souligne-limportance-dune-planification-holistique-de-la-retraite\/"},"wordCount":747,"commentCount":0,"publisher":{"@id":"https:\/\/www.pollara.com\/fr-ca\/#organization"},"image":{"@id":"https:\/\/www.pollara.com\/fr-ca\/le-rapport-sur-limpact-de-pret-a-la-retraite-domers-souligne-limportance-dune-planification-holistique-de-la-retraite\/#primaryimage"},"thumbnailUrl":"https:\/\/www.pollara.com\/wp-content\/uploads\/2025\/05\/Web-Squarish-C-OMERS_May2025-.jpg?wsr","inLanguage":"fr-CA","potentialAction":[{"@type":"CommentAction","name":"Comment","target":["https:\/\/www.pollara.com\/fr-ca\/le-rapport-sur-limpact-de-pret-a-la-retraite-domers-souligne-limportance-dune-planification-holistique-de-la-retraite\/#respond"]}]},{"@type":"WebPage","@id":"https:\/\/www.pollara.com\/fr-ca\/le-rapport-sur-limpact-de-pret-a-la-retraite-domers-souligne-limportance-dune-planification-holistique-de-la-retraite\/","url":"https:\/\/www.pollara.com\/fr-ca\/le-rapport-sur-limpact-de-pret-a-la-retraite-domers-souligne-limportance-dune-planification-holistique-de-la-retraite\/","name":"Le rapport sur l\u2019impact de Pr\u00eat \u00e0 la retraite d\u2019OMERS souligne l\u2019importance d\u2019une planification holistique de la retraite &#187; Pollara Strategic Insights","isPartOf":{"@id":"https:\/\/www.pollara.com\/fr-ca\/#website"},"primaryImageOfPage":{"@id":"https:\/\/www.pollara.com\/fr-ca\/le-rapport-sur-limpact-de-pret-a-la-retraite-domers-souligne-limportance-dune-planification-holistique-de-la-retraite\/#primaryimage"},"image":{"@id":"https:\/\/www.pollara.com\/fr-ca\/le-rapport-sur-limpact-de-pret-a-la-retraite-domers-souligne-limportance-dune-planification-holistique-de-la-retraite\/#primaryimage"},"thumbnailUrl":"https:\/\/www.pollara.com\/wp-content\/uploads\/2025\/05\/Web-Squarish-C-OMERS_May2025-.jpg?wsr","datePublished":"2025-05-14T15:28:51+00:00","dateModified":"2025-05-14T15:35:19+00:00","inLanguage":"fr-CA","potentialAction":[{"@type":"ReadAction","target":["https:\/\/www.pollara.com\/fr-ca\/le-rapport-sur-limpact-de-pret-a-la-retraite-domers-souligne-limportance-dune-planification-holistique-de-la-retraite\/"]}]},{"@type":"ImageObject","inLanguage":"fr-CA","@id":"https:\/\/www.pollara.com\/fr-ca\/le-rapport-sur-limpact-de-pret-a-la-retraite-domers-souligne-limportance-dune-planification-holistique-de-la-retraite\/#primaryimage","url":"https:\/\/www.pollara.com\/wp-content\/uploads\/2025\/05\/Web-Squarish-C-OMERS_May2025-.jpg?wsr","contentUrl":"https:\/\/www.pollara.com\/wp-content\/uploads\/2025\/05\/Web-Squarish-C-OMERS_May2025-.jpg?wsr","width":723,"height":484},{"@type":"WebSite","@id":"https:\/\/www.pollara.com\/fr-ca\/#website","url":"https:\/\/www.pollara.com\/fr-ca\/","name":"Pollara Strategic Insights","description":"Canada\u2019s most senior, experienced research project leaders","publisher":{"@id":"https:\/\/www.pollara.com\/fr-ca\/#organization"},"potentialAction":[{"@type":"SearchAction","target":{"@type":"EntryPoint","urlTemplate":"https:\/\/www.pollara.com\/fr-ca\/?s={search_term_string}"},"query-input":{"@type":"PropertyValueSpecification","valueRequired":true,"valueName":"search_term_string"}}],"inLanguage":"fr-CA"},{"@type":"Organization","@id":"https:\/\/www.pollara.com\/fr-ca\/#organization","name":"Pollara Strategic Insights","url":"https:\/\/www.pollara.com\/fr-ca\/","logo":{"@type":"ImageObject","inLanguage":"fr-CA","@id":"https:\/\/www.pollara.com\/fr-ca\/#\/schema\/logo\/image\/","url":"https:\/\/www.pollara.com\/wp-content\/uploads\/2017\/12\/pollara-1.svg","contentUrl":"https:\/\/www.pollara.com\/wp-content\/uploads\/2017\/12\/pollara-1.svg","width":1,"height":1,"caption":"Pollara Strategic Insights"},"image":{"@id":"https:\/\/www.pollara.com\/fr-ca\/#\/schema\/logo\/image\/"},"sameAs":["https:\/\/www.facebook.com\/PollaraStrategicInsights\/","https:\/\/x.com\/Pollara","https:\/\/www.instagram.com\/pollarastrategicinsights\/","https:\/\/www.linkedin.com\/company\/pollarastrategicinsights\/"]},{"@type":"Person","@id":"https:\/\/www.pollara.com\/fr-ca\/#\/schema\/person\/d7352ebbb416d785149d1a802ca77180","name":"Pollara Webmaster","image":{"@type":"ImageObject","inLanguage":"fr-CA","@id":"https:\/\/www.pollara.com\/fr-ca\/#\/schema\/person\/image\/","url":"https:\/\/secure.gravatar.com\/avatar\/91e9c48d2d1e847ec803940d5e916de129db35ebfdb6cafc371110f815deddcf?s=96&d=mm&r=g","contentUrl":"https:\/\/secure.gravatar.com\/avatar\/91e9c48d2d1e847ec803940d5e916de129db35ebfdb6cafc371110f815deddcf?s=96&d=mm&r=g","caption":"Pollara Webmaster"}}]}},"jetpack_featured_media_url":"https:\/\/www.pollara.com\/wp-content\/uploads\/2025\/05\/Web-Squarish-C-OMERS_May2025-.jpg?wsr","jetpack_sharing_enabled":true,"_links":{"self":[{"href":"https:\/\/www.pollara.com\/fr-ca\/wp-json\/wp\/v2\/posts\/26700","targetHints":{"allow":["GET"]}}],"collection":[{"href":"https:\/\/www.pollara.com\/fr-ca\/wp-json\/wp\/v2\/posts"}],"about":[{"href":"https:\/\/www.pollara.com\/fr-ca\/wp-json\/wp\/v2\/types\/post"}],"author":[{"embeddable":true,"href":"https:\/\/www.pollara.com\/fr-ca\/wp-json\/wp\/v2\/users\/23"}],"replies":[{"embeddable":true,"href":"https:\/\/www.pollara.com\/fr-ca\/wp-json\/wp\/v2\/comments?post=26700"}],"version-history":[{"count":3,"href":"https:\/\/www.pollara.com\/fr-ca\/wp-json\/wp\/v2\/posts\/26700\/revisions"}],"predecessor-version":[{"id":26712,"href":"https:\/\/www.pollara.com\/fr-ca\/wp-json\/wp\/v2\/posts\/26700\/revisions\/26712"}],"wp:featuredmedia":[{"embeddable":true,"href":"https:\/\/www.pollara.com\/fr-ca\/wp-json\/wp\/v2\/media\/26699"}],"wp:attachment":[{"href":"https:\/\/www.pollara.com\/fr-ca\/wp-json\/wp\/v2\/media?parent=26700"}],"wp:term":[{"taxonomy":"category","embeddable":true,"href":"https:\/\/www.pollara.com\/fr-ca\/wp-json\/wp\/v2\/categories?post=26700"},{"taxonomy":"post_tag","embeddable":true,"href":"https:\/\/www.pollara.com\/fr-ca\/wp-json\/wp\/v2\/tags?post=26700"}],"curies":[{"name":"wp","href":"https:\/\/api.w.org\/{rel}","templated":true}]}}