{"id":28489,"date":"2026-01-06T15:49:39","date_gmt":"2026-01-06T20:49:39","guid":{"rendered":"https:\/\/www.pollara.com\/perspectives-economiques-2026-la-majorite-61-sattend-a-ce-que-leconomie-canadienne-se-deteriore-cette-annee\/"},"modified":"2026-01-08T19:36:14","modified_gmt":"2026-01-09T00:36:14","slug":"perspectives-economiques-2026-la-majorite-61-sattend-a-ce-que-leconomie-canadienne-se-deteriore-cette-annee","status":"publish","type":"post","link":"https:\/\/www.pollara.com\/fr-ca\/perspectives-economiques-2026-la-majorite-61-sattend-a-ce-que-leconomie-canadienne-se-deteriore-cette-annee\/","title":{"rendered":"Perspectives \u00e9conomiques 2026 : La majorit\u00e9 (61%) s\u2019attend \u00e0 ce que l\u2019\u00e9conomie canadienne se d\u00e9t\u00e9riore cette ann\u00e9e"},"content":{"rendered":"\n<p>6 janvier 2026 \u2014 L\u2019enqu\u00eate canadienne de suivi des perspectives \u00e9conomiques la plus longue r\u00e9v\u00e8le l\u2019une des perspectives les plus pessimistes de ses 31 ans d\u2019existence. Les perspectives \u00e9conomiques annuelles de Pollara montrent que la majorit\u00e9 s\u2019attend \u00e0 ce que l\u2019\u00e9conomie canadienne (61%) et la situation de l\u2019emploi au Canada (59%) se d\u00e9t\u00e9riorent en 2026. <\/p>\n\n<p>Une grande partie de ce pessimisme est motiv\u00e9e par l\u2019inqui\u00e9tude face \u00e0 la politique \u00e9conomique am\u00e9ricaine, puisque 65% s\u2019attendent \u00e0 ce que l\u2019\u00e9conomie am\u00e9ricaine se d\u00e9t\u00e9riore l\u2019an prochain (la perspective la plus pessimiste depuis 2009). Les Canadiens craignent que la politique \u00e9conomique am\u00e9ricaine ait un impact au nord de la fronti\u00e8re, 57% \u00e9tant inquiets par les tarifs et la menace de nouveaux tarifs. C\u2019est une source de stress plus importante que tous les points de pression sur le co\u00fbt de la vie test\u00e9s, \u00e0 l\u2019exception du co\u00fbt de la nourriture.  <\/p>\n\n<table class=\"table\">\n  <thead>\n    <tr>\n      <th>Source de contrainte<\/th>\n      <th>% de Canadiens<\/th>\n    <\/tr>\n  <\/thead>\n  <tbody>\n    <tr><td>Co\u00fbt de la nourriture et de l\u2019\u00e9picerie<\/td><td>67%<\/td><\/tr>\n    <tr><td>Tarifs douaniers et menace de nouveaux tarifs<\/td><td>57%<\/td><\/tr>\n    <tr><td>Frais de logement<\/td><td>56%<\/td><\/tr>\n    <tr><td>Co\u00fbt de l\u2019essence \u00e0 la pompe<\/td><td>44%<\/td><\/tr>\n    <tr><td>Imp\u00f4ts sur le revenu<\/td><td>42%<\/td><\/tr>\n    <tr><td>Factures d\u2019\u00e9lectricit\u00e9<\/td><td>41%<\/td><\/tr>\n    <tr><td>Factures de t\u00e9l\u00e9communications<\/td><td>\u00e0 40%<\/td><\/tr>\n    <tr><td>Chauffage domestique<\/td><td>mensuel 39%<\/td><\/tr>\n    <tr><td>Primes d\u2019assurance auto :<\/td><td>38%<\/td><\/tr>\n    <tr><td>Remboursements de pr\u00eats\/dettes<\/td><td>36%<\/td><\/tr>\n    <tr><td>Taxe de vente<\/td><td>34%<\/td><\/tr>\n    <tr><td>M\u00e9dicaments sur ordonnance<\/td><td>28%<\/td><\/tr>\n    <tr><td>D\u00e9penses d\u2019\u00e9ducation<\/td><td>18%<\/td><\/tr>\n    <tr><td>Garde d\u2019enfants<\/td><td>10%<\/td><\/tr>\n  <\/tbody>\n<\/table>\n\n<p>\u00a0\u00a0<\/p>\n\n<p>Consultez tous les d\u00e9tails dans <a href=\"https:\/\/www.pollara.com\/wp-content\/uploads\/2026\/01\/Pollara_Economic_Outlook_2026.pdf\">notre rapport<\/a> et les <a href=\"https:\/\/www.pollara.com\/wp-content\/uploads\/2026\/01\/2026_economic-outlook_crosstabs_media.pdf\">tableaux crois\u00e9s<\/a>.<\/p>\n\n<p>Des commentaires suppl\u00e9mentaires se trouvent dans <a href=\"https:\/\/www.thestar.com\/politics\/provincial\/canadian-fears-of-a-worsening-u-s-economy-under-trump-have-skyrocketed-poll-suggests\/article_364c4c5d-4695-4b3e-b92b-44d3b3671e00.html#tncms-source=login\">The Toronto Star<\/a> et <a href=\"https:\/\/pollarastrategicinsights.substack.com\/p\/under-pressure\">sur le Pollara Substack<\/a>.<\/p>\n","protected":false},"excerpt":{"rendered":"<p>6 janvier 2026 \u2014 L\u2019enqu\u00eate canadienne de suivi des perspectives \u00e9conomiques la plus longue r\u00e9v\u00e8le l\u2019une des perspectives les plus pessimistes de ses 31 ans d\u2019existence. Les perspectives \u00e9conomiques annuelles de Pollara montrent que la majorit\u00e9 s\u2019attend \u00e0 ce que l\u2019\u00e9conomie canadienne (61%) et la situation de l\u2019emploi au Canada (59%) se d\u00e9t\u00e9riorent en 2026. &hellip; <\/p>\n<p class=\"link-more\"><a href=\"https:\/\/www.pollara.com\/fr-ca\/perspectives-economiques-2026-la-majorite-61-sattend-a-ce-que-leconomie-canadienne-se-deteriore-cette-annee\/\" class=\"more-link\">Continuer la lecture<span class=\"screen-reader-text\"> de &laquo; Perspectives \u00e9conomiques 2026 : La majorit\u00e9 (61%) s\u2019attend \u00e0 ce que l\u2019\u00e9conomie canadienne se d\u00e9t\u00e9riore cette ann\u00e9e &raquo;<\/span><\/a><\/p>\n","protected":false},"author":23,"featured_media":28487,"comment_status":"open","ping_status":"open","sticky":false,"template":"","format":"standard","meta":{"_jetpack_memberships_contains_paid_content":false,"footnotes":""},"categories":[213,214],"tags":[],"class_list":["post-28489","post","type-post","status-publish","format-standard","has-post-thumbnail","hentry","category-dernieres-informations","category-non-classe"],"yoast_head":"<!-- This site is optimized with the Yoast SEO plugin v26.9 - https:\/\/yoast.com\/product\/yoast-seo-wordpress\/ -->\n<title>Perspectives \u00e9conomiques 2026 : La majorit\u00e9 (61%) s\u2019attend \u00e0 ce que l\u2019\u00e9conomie canadienne se d\u00e9t\u00e9riore cette ann\u00e9e &#187; Pollara Strategic Insights<\/title>\n<meta name=\"robots\" content=\"index, follow, max-snippet:-1, max-image-preview:large, max-video-preview:-1\" \/>\n<link rel=\"canonical\" href=\"https:\/\/www.pollara.com\/fr-ca\/perspectives-economiques-2026-la-majorite-61-sattend-a-ce-que-leconomie-canadienne-se-deteriore-cette-annee\/\" \/>\n<meta property=\"og:locale\" content=\"fr_CA\" \/>\n<meta property=\"og:type\" content=\"article\" \/>\n<meta property=\"og:title\" content=\"Perspectives \u00e9conomiques 2026 : La majorit\u00e9 (61%) s\u2019attend \u00e0 ce que l\u2019\u00e9conomie canadienne se d\u00e9t\u00e9riore cette ann\u00e9e\" \/>\n<meta property=\"og:description\" content=\"6 janvier 2026 \u2014 L\u2019enqu\u00eate canadienne de suivi des perspectives \u00e9conomiques la plus longue r\u00e9v\u00e8le l\u2019une des perspectives les plus pessimistes de ses 31 ans d\u2019existence. Les perspectives \u00e9conomiques annuelles de Pollara montrent que la majorit\u00e9 s\u2019attend \u00e0 ce que l\u2019\u00e9conomie canadienne (61%) et la situation de l\u2019emploi au Canada (59%) se d\u00e9t\u00e9riorent en 2026. &hellip; Continuer la lecture de &laquo; Perspectives \u00e9conomiques 2026 : La majorit\u00e9 (61%) s\u2019attend \u00e0 ce que l\u2019\u00e9conomie canadienne se d\u00e9t\u00e9riore cette ann\u00e9e &raquo;\" \/>\n<meta property=\"og:url\" content=\"https:\/\/www.pollara.com\/fr-ca\/perspectives-economiques-2026-la-majorite-61-sattend-a-ce-que-leconomie-canadienne-se-deteriore-cette-annee\/\" \/>\n<meta property=\"og:site_name\" content=\"Pollara Strategic Insights\" \/>\n<meta property=\"article:publisher\" content=\"https:\/\/www.facebook.com\/PollaraStrategicInsights\/\" \/>\n<meta property=\"article:published_time\" content=\"2026-01-06T20:49:39+00:00\" \/>\n<meta property=\"article:modified_time\" content=\"2026-01-09T00:36:14+00:00\" \/>\n<meta property=\"og:image\" content=\"https:\/\/www.pollara.com\/wp-content\/uploads\/2026\/01\/Squarish-EconomicOutlook2026.jpg\" \/>\n<meta name=\"author\" content=\"Pollara Webmaster\" \/>\n<meta name=\"twitter:card\" content=\"summary_large_image\" \/>\n<meta name=\"twitter:title\" content=\"Perspectives \u00e9conomiques 2026 : La majorit\u00e9 (61%) s\u2019attend \u00e0 ce que l\u2019\u00e9conomie canadienne se d\u00e9t\u00e9riore cette ann\u00e9e\" \/>\n<meta name=\"twitter:image\" content=\"https:\/\/www.pollara.com\/wp-content\/uploads\/2026\/01\/Squarish-EconomicOutlook2026.jpg\" \/>\n<meta name=\"twitter:creator\" content=\"@Pollara\" \/>\n<meta name=\"twitter:site\" content=\"@Pollara\" \/>\n<meta name=\"twitter:label1\" content=\"\u00c9crit par\" \/>\n\t<meta name=\"twitter:data1\" content=\"Pollara Webmaster\" \/>\n\t<meta name=\"twitter:label2\" content=\"Estimation du temps de lecture\" \/>\n\t<meta name=\"twitter:data2\" content=\"1 minute\" \/>\n<script type=\"application\/ld+json\" class=\"yoast-schema-graph\">{\"@context\":\"https:\/\/schema.org\",\"@graph\":[{\"@type\":\"Article\",\"@id\":\"https:\/\/www.pollara.com\/fr-ca\/perspectives-economiques-2026-la-majorite-61-sattend-a-ce-que-leconomie-canadienne-se-deteriore-cette-annee\/#article\",\"isPartOf\":{\"@id\":\"https:\/\/www.pollara.com\/fr-ca\/perspectives-economiques-2026-la-majorite-61-sattend-a-ce-que-leconomie-canadienne-se-deteriore-cette-annee\/\"},\"author\":{\"name\":\"Pollara Webmaster\",\"@id\":\"https:\/\/www.pollara.com\/fr-ca\/#\/schema\/person\/d7352ebbb416d785149d1a802ca77180\"},\"headline\":\"Perspectives \u00e9conomiques 2026 : La majorit\u00e9 (61%) s\u2019attend \u00e0 ce que l\u2019\u00e9conomie canadienne se d\u00e9t\u00e9riore cette ann\u00e9e\",\"datePublished\":\"2026-01-06T20:49:39+00:00\",\"dateModified\":\"2026-01-09T00:36:14+00:00\",\"mainEntityOfPage\":{\"@id\":\"https:\/\/www.pollara.com\/fr-ca\/perspectives-economiques-2026-la-majorite-61-sattend-a-ce-que-leconomie-canadienne-se-deteriore-cette-annee\/\"},\"wordCount\":275,\"commentCount\":0,\"publisher\":{\"@id\":\"https:\/\/www.pollara.com\/fr-ca\/#organization\"},\"image\":{\"@id\":\"https:\/\/www.pollara.com\/fr-ca\/perspectives-economiques-2026-la-majorite-61-sattend-a-ce-que-leconomie-canadienne-se-deteriore-cette-annee\/#primaryimage\"},\"thumbnailUrl\":\"https:\/\/www.pollara.com\/wp-content\/uploads\/2026\/01\/Squarish-EconomicOutlook2026.jpg?wsr\",\"articleSection\":[\"Derni\u00e8res informations\"],\"inLanguage\":\"fr-CA\",\"potentialAction\":[{\"@type\":\"CommentAction\",\"name\":\"Comment\",\"target\":[\"https:\/\/www.pollara.com\/fr-ca\/perspectives-economiques-2026-la-majorite-61-sattend-a-ce-que-leconomie-canadienne-se-deteriore-cette-annee\/#respond\"]}]},{\"@type\":\"WebPage\",\"@id\":\"https:\/\/www.pollara.com\/fr-ca\/perspectives-economiques-2026-la-majorite-61-sattend-a-ce-que-leconomie-canadienne-se-deteriore-cette-annee\/\",\"url\":\"https:\/\/www.pollara.com\/fr-ca\/perspectives-economiques-2026-la-majorite-61-sattend-a-ce-que-leconomie-canadienne-se-deteriore-cette-annee\/\",\"name\":\"Perspectives \u00e9conomiques 2026 : La majorit\u00e9 (61%) s\u2019attend \u00e0 ce que l\u2019\u00e9conomie canadienne se d\u00e9t\u00e9riore cette ann\u00e9e &#187; Pollara Strategic Insights\",\"isPartOf\":{\"@id\":\"https:\/\/www.pollara.com\/fr-ca\/#website\"},\"primaryImageOfPage\":{\"@id\":\"https:\/\/www.pollara.com\/fr-ca\/perspectives-economiques-2026-la-majorite-61-sattend-a-ce-que-leconomie-canadienne-se-deteriore-cette-annee\/#primaryimage\"},\"image\":{\"@id\":\"https:\/\/www.pollara.com\/fr-ca\/perspectives-economiques-2026-la-majorite-61-sattend-a-ce-que-leconomie-canadienne-se-deteriore-cette-annee\/#primaryimage\"},\"thumbnailUrl\":\"https:\/\/www.pollara.com\/wp-content\/uploads\/2026\/01\/Squarish-EconomicOutlook2026.jpg?wsr\",\"datePublished\":\"2026-01-06T20:49:39+00:00\",\"dateModified\":\"2026-01-09T00:36:14+00:00\",\"inLanguage\":\"fr-CA\",\"potentialAction\":[{\"@type\":\"ReadAction\",\"target\":[\"https:\/\/www.pollara.com\/fr-ca\/perspectives-economiques-2026-la-majorite-61-sattend-a-ce-que-leconomie-canadienne-se-deteriore-cette-annee\/\"]}]},{\"@type\":\"ImageObject\",\"inLanguage\":\"fr-CA\",\"@id\":\"https:\/\/www.pollara.com\/fr-ca\/perspectives-economiques-2026-la-majorite-61-sattend-a-ce-que-leconomie-canadienne-se-deteriore-cette-annee\/#primaryimage\",\"url\":\"https:\/\/www.pollara.com\/wp-content\/uploads\/2026\/01\/Squarish-EconomicOutlook2026.jpg?wsr\",\"contentUrl\":\"https:\/\/www.pollara.com\/wp-content\/uploads\/2026\/01\/Squarish-EconomicOutlook2026.jpg?wsr\",\"width\":723,\"height\":484},{\"@type\":\"WebSite\",\"@id\":\"https:\/\/www.pollara.com\/fr-ca\/#website\",\"url\":\"https:\/\/www.pollara.com\/fr-ca\/\",\"name\":\"Pollara Strategic Insights\",\"description\":\"Canada\u2019s most senior, experienced research project leaders\",\"publisher\":{\"@id\":\"https:\/\/www.pollara.com\/fr-ca\/#organization\"},\"potentialAction\":[{\"@type\":\"SearchAction\",\"target\":{\"@type\":\"EntryPoint\",\"urlTemplate\":\"https:\/\/www.pollara.com\/fr-ca\/?s={search_term_string}\"},\"query-input\":{\"@type\":\"PropertyValueSpecification\",\"valueRequired\":true,\"valueName\":\"search_term_string\"}}],\"inLanguage\":\"fr-CA\"},{\"@type\":\"Organization\",\"@id\":\"https:\/\/www.pollara.com\/fr-ca\/#organization\",\"name\":\"Pollara Strategic Insights\",\"url\":\"https:\/\/www.pollara.com\/fr-ca\/\",\"logo\":{\"@type\":\"ImageObject\",\"inLanguage\":\"fr-CA\",\"@id\":\"https:\/\/www.pollara.com\/fr-ca\/#\/schema\/logo\/image\/\",\"url\":\"https:\/\/www.pollara.com\/wp-content\/uploads\/2017\/12\/pollara-1.svg\",\"contentUrl\":\"https:\/\/www.pollara.com\/wp-content\/uploads\/2017\/12\/pollara-1.svg\",\"width\":1,\"height\":1,\"caption\":\"Pollara Strategic Insights\"},\"image\":{\"@id\":\"https:\/\/www.pollara.com\/fr-ca\/#\/schema\/logo\/image\/\"},\"sameAs\":[\"https:\/\/www.facebook.com\/PollaraStrategicInsights\/\",\"https:\/\/x.com\/Pollara\",\"https:\/\/www.instagram.com\/pollarastrategicinsights\/\",\"https:\/\/www.linkedin.com\/company\/pollarastrategicinsights\/\"]},{\"@type\":\"Person\",\"@id\":\"https:\/\/www.pollara.com\/fr-ca\/#\/schema\/person\/d7352ebbb416d785149d1a802ca77180\",\"name\":\"Pollara Webmaster\",\"image\":{\"@type\":\"ImageObject\",\"inLanguage\":\"fr-CA\",\"@id\":\"https:\/\/www.pollara.com\/fr-ca\/#\/schema\/person\/image\/\",\"url\":\"https:\/\/secure.gravatar.com\/avatar\/91e9c48d2d1e847ec803940d5e916de129db35ebfdb6cafc371110f815deddcf?s=96&d=mm&r=g\",\"contentUrl\":\"https:\/\/secure.gravatar.com\/avatar\/91e9c48d2d1e847ec803940d5e916de129db35ebfdb6cafc371110f815deddcf?s=96&d=mm&r=g\",\"caption\":\"Pollara Webmaster\"}}]}<\/script>\n<!-- \/ Yoast SEO plugin. -->","yoast_head_json":{"title":"Perspectives \u00e9conomiques 2026 : La majorit\u00e9 (61%) s\u2019attend \u00e0 ce que l\u2019\u00e9conomie canadienne se d\u00e9t\u00e9riore cette ann\u00e9e &#187; Pollara Strategic Insights","robots":{"index":"index","follow":"follow","max-snippet":"max-snippet:-1","max-image-preview":"max-image-preview:large","max-video-preview":"max-video-preview:-1"},"canonical":"https:\/\/www.pollara.com\/fr-ca\/perspectives-economiques-2026-la-majorite-61-sattend-a-ce-que-leconomie-canadienne-se-deteriore-cette-annee\/","og_locale":"fr_CA","og_type":"article","og_title":"Perspectives \u00e9conomiques 2026 : La majorit\u00e9 (61%) s\u2019attend \u00e0 ce que l\u2019\u00e9conomie canadienne se d\u00e9t\u00e9riore cette ann\u00e9e","og_description":"6 janvier 2026 \u2014 L\u2019enqu\u00eate canadienne de suivi des perspectives \u00e9conomiques la plus longue r\u00e9v\u00e8le l\u2019une des perspectives les plus pessimistes de ses 31 ans d\u2019existence. Les perspectives \u00e9conomiques annuelles de Pollara montrent que la majorit\u00e9 s\u2019attend \u00e0 ce que l\u2019\u00e9conomie canadienne (61%) et la situation de l\u2019emploi au Canada (59%) se d\u00e9t\u00e9riorent en 2026. &hellip; Continuer la lecture de &laquo; Perspectives \u00e9conomiques 2026 : La majorit\u00e9 (61%) s\u2019attend \u00e0 ce que l\u2019\u00e9conomie canadienne se d\u00e9t\u00e9riore cette ann\u00e9e &raquo;","og_url":"https:\/\/www.pollara.com\/fr-ca\/perspectives-economiques-2026-la-majorite-61-sattend-a-ce-que-leconomie-canadienne-se-deteriore-cette-annee\/","og_site_name":"Pollara Strategic Insights","article_publisher":"https:\/\/www.facebook.com\/PollaraStrategicInsights\/","article_published_time":"2026-01-06T20:49:39+00:00","article_modified_time":"2026-01-09T00:36:14+00:00","og_image":[{"url":"https:\/\/www.pollara.com\/wp-content\/uploads\/2026\/01\/Squarish-EconomicOutlook2026.jpg","type":"","width":"","height":""}],"author":"Pollara Webmaster","twitter_card":"summary_large_image","twitter_title":"Perspectives \u00e9conomiques 2026 : La majorit\u00e9 (61%) s\u2019attend \u00e0 ce que l\u2019\u00e9conomie canadienne se d\u00e9t\u00e9riore cette ann\u00e9e","twitter_image":"https:\/\/www.pollara.com\/wp-content\/uploads\/2026\/01\/Squarish-EconomicOutlook2026.jpg","twitter_creator":"@Pollara","twitter_site":"@Pollara","twitter_misc":{"\u00c9crit par":"Pollara Webmaster","Estimation du temps de lecture":"1 minute"},"schema":{"@context":"https:\/\/schema.org","@graph":[{"@type":"Article","@id":"https:\/\/www.pollara.com\/fr-ca\/perspectives-economiques-2026-la-majorite-61-sattend-a-ce-que-leconomie-canadienne-se-deteriore-cette-annee\/#article","isPartOf":{"@id":"https:\/\/www.pollara.com\/fr-ca\/perspectives-economiques-2026-la-majorite-61-sattend-a-ce-que-leconomie-canadienne-se-deteriore-cette-annee\/"},"author":{"name":"Pollara Webmaster","@id":"https:\/\/www.pollara.com\/fr-ca\/#\/schema\/person\/d7352ebbb416d785149d1a802ca77180"},"headline":"Perspectives \u00e9conomiques 2026 : La majorit\u00e9 (61%) s\u2019attend \u00e0 ce que l\u2019\u00e9conomie canadienne se d\u00e9t\u00e9riore cette ann\u00e9e","datePublished":"2026-01-06T20:49:39+00:00","dateModified":"2026-01-09T00:36:14+00:00","mainEntityOfPage":{"@id":"https:\/\/www.pollara.com\/fr-ca\/perspectives-economiques-2026-la-majorite-61-sattend-a-ce-que-leconomie-canadienne-se-deteriore-cette-annee\/"},"wordCount":275,"commentCount":0,"publisher":{"@id":"https:\/\/www.pollara.com\/fr-ca\/#organization"},"image":{"@id":"https:\/\/www.pollara.com\/fr-ca\/perspectives-economiques-2026-la-majorite-61-sattend-a-ce-que-leconomie-canadienne-se-deteriore-cette-annee\/#primaryimage"},"thumbnailUrl":"https:\/\/www.pollara.com\/wp-content\/uploads\/2026\/01\/Squarish-EconomicOutlook2026.jpg?wsr","articleSection":["Derni\u00e8res informations"],"inLanguage":"fr-CA","potentialAction":[{"@type":"CommentAction","name":"Comment","target":["https:\/\/www.pollara.com\/fr-ca\/perspectives-economiques-2026-la-majorite-61-sattend-a-ce-que-leconomie-canadienne-se-deteriore-cette-annee\/#respond"]}]},{"@type":"WebPage","@id":"https:\/\/www.pollara.com\/fr-ca\/perspectives-economiques-2026-la-majorite-61-sattend-a-ce-que-leconomie-canadienne-se-deteriore-cette-annee\/","url":"https:\/\/www.pollara.com\/fr-ca\/perspectives-economiques-2026-la-majorite-61-sattend-a-ce-que-leconomie-canadienne-se-deteriore-cette-annee\/","name":"Perspectives \u00e9conomiques 2026 : La majorit\u00e9 (61%) s\u2019attend \u00e0 ce que l\u2019\u00e9conomie canadienne se d\u00e9t\u00e9riore cette ann\u00e9e &#187; Pollara Strategic Insights","isPartOf":{"@id":"https:\/\/www.pollara.com\/fr-ca\/#website"},"primaryImageOfPage":{"@id":"https:\/\/www.pollara.com\/fr-ca\/perspectives-economiques-2026-la-majorite-61-sattend-a-ce-que-leconomie-canadienne-se-deteriore-cette-annee\/#primaryimage"},"image":{"@id":"https:\/\/www.pollara.com\/fr-ca\/perspectives-economiques-2026-la-majorite-61-sattend-a-ce-que-leconomie-canadienne-se-deteriore-cette-annee\/#primaryimage"},"thumbnailUrl":"https:\/\/www.pollara.com\/wp-content\/uploads\/2026\/01\/Squarish-EconomicOutlook2026.jpg?wsr","datePublished":"2026-01-06T20:49:39+00:00","dateModified":"2026-01-09T00:36:14+00:00","inLanguage":"fr-CA","potentialAction":[{"@type":"ReadAction","target":["https:\/\/www.pollara.com\/fr-ca\/perspectives-economiques-2026-la-majorite-61-sattend-a-ce-que-leconomie-canadienne-se-deteriore-cette-annee\/"]}]},{"@type":"ImageObject","inLanguage":"fr-CA","@id":"https:\/\/www.pollara.com\/fr-ca\/perspectives-economiques-2026-la-majorite-61-sattend-a-ce-que-leconomie-canadienne-se-deteriore-cette-annee\/#primaryimage","url":"https:\/\/www.pollara.com\/wp-content\/uploads\/2026\/01\/Squarish-EconomicOutlook2026.jpg?wsr","contentUrl":"https:\/\/www.pollara.com\/wp-content\/uploads\/2026\/01\/Squarish-EconomicOutlook2026.jpg?wsr","width":723,"height":484},{"@type":"WebSite","@id":"https:\/\/www.pollara.com\/fr-ca\/#website","url":"https:\/\/www.pollara.com\/fr-ca\/","name":"Pollara Strategic Insights","description":"Canada\u2019s most senior, experienced research project leaders","publisher":{"@id":"https:\/\/www.pollara.com\/fr-ca\/#organization"},"potentialAction":[{"@type":"SearchAction","target":{"@type":"EntryPoint","urlTemplate":"https:\/\/www.pollara.com\/fr-ca\/?s={search_term_string}"},"query-input":{"@type":"PropertyValueSpecification","valueRequired":true,"valueName":"search_term_string"}}],"inLanguage":"fr-CA"},{"@type":"Organization","@id":"https:\/\/www.pollara.com\/fr-ca\/#organization","name":"Pollara Strategic Insights","url":"https:\/\/www.pollara.com\/fr-ca\/","logo":{"@type":"ImageObject","inLanguage":"fr-CA","@id":"https:\/\/www.pollara.com\/fr-ca\/#\/schema\/logo\/image\/","url":"https:\/\/www.pollara.com\/wp-content\/uploads\/2017\/12\/pollara-1.svg","contentUrl":"https:\/\/www.pollara.com\/wp-content\/uploads\/2017\/12\/pollara-1.svg","width":1,"height":1,"caption":"Pollara Strategic Insights"},"image":{"@id":"https:\/\/www.pollara.com\/fr-ca\/#\/schema\/logo\/image\/"},"sameAs":["https:\/\/www.facebook.com\/PollaraStrategicInsights\/","https:\/\/x.com\/Pollara","https:\/\/www.instagram.com\/pollarastrategicinsights\/","https:\/\/www.linkedin.com\/company\/pollarastrategicinsights\/"]},{"@type":"Person","@id":"https:\/\/www.pollara.com\/fr-ca\/#\/schema\/person\/d7352ebbb416d785149d1a802ca77180","name":"Pollara Webmaster","image":{"@type":"ImageObject","inLanguage":"fr-CA","@id":"https:\/\/www.pollara.com\/fr-ca\/#\/schema\/person\/image\/","url":"https:\/\/secure.gravatar.com\/avatar\/91e9c48d2d1e847ec803940d5e916de129db35ebfdb6cafc371110f815deddcf?s=96&d=mm&r=g","contentUrl":"https:\/\/secure.gravatar.com\/avatar\/91e9c48d2d1e847ec803940d5e916de129db35ebfdb6cafc371110f815deddcf?s=96&d=mm&r=g","caption":"Pollara Webmaster"}}]}},"jetpack_featured_media_url":"https:\/\/www.pollara.com\/wp-content\/uploads\/2026\/01\/Squarish-EconomicOutlook2026.jpg?wsr","jetpack_sharing_enabled":true,"_links":{"self":[{"href":"https:\/\/www.pollara.com\/fr-ca\/wp-json\/wp\/v2\/posts\/28489","targetHints":{"allow":["GET"]}}],"collection":[{"href":"https:\/\/www.pollara.com\/fr-ca\/wp-json\/wp\/v2\/posts"}],"about":[{"href":"https:\/\/www.pollara.com\/fr-ca\/wp-json\/wp\/v2\/types\/post"}],"author":[{"embeddable":true,"href":"https:\/\/www.pollara.com\/fr-ca\/wp-json\/wp\/v2\/users\/23"}],"replies":[{"embeddable":true,"href":"https:\/\/www.pollara.com\/fr-ca\/wp-json\/wp\/v2\/comments?post=28489"}],"version-history":[{"count":4,"href":"https:\/\/www.pollara.com\/fr-ca\/wp-json\/wp\/v2\/posts\/28489\/revisions"}],"predecessor-version":[{"id":28504,"href":"https:\/\/www.pollara.com\/fr-ca\/wp-json\/wp\/v2\/posts\/28489\/revisions\/28504"}],"wp:featuredmedia":[{"embeddable":true,"href":"https:\/\/www.pollara.com\/fr-ca\/wp-json\/wp\/v2\/media\/28487"}],"wp:attachment":[{"href":"https:\/\/www.pollara.com\/fr-ca\/wp-json\/wp\/v2\/media?parent=28489"}],"wp:term":[{"taxonomy":"category","embeddable":true,"href":"https:\/\/www.pollara.com\/fr-ca\/wp-json\/wp\/v2\/categories?post=28489"},{"taxonomy":"post_tag","embeddable":true,"href":"https:\/\/www.pollara.com\/fr-ca\/wp-json\/wp\/v2\/tags?post=28489"}],"curies":[{"name":"wp","href":"https:\/\/api.w.org\/{rel}","templated":true}]}}